{"id":5335,"date":"2010-06-08T16:48:21","date_gmt":"2010-06-08T15:48:21","guid":{"rendered":"https:\/\/blogs.fu-berlin.de\/bibliotheken\/?p=5335"},"modified":"2010-06-08T16:48:22","modified_gmt":"2010-06-08T15:48:22","slug":"einfuhrung-in-das-literaturverwaltungsprogramm-endnote-grundkurs","status":"publish","type":"post","link":"https:\/\/blogs.fu-berlin.de\/bibliotheken\/2010\/06\/08\/einfuhrung-in-das-literaturverwaltungsprogramm-endnote-grundkurs\/","title":{"rendered":"Einf\u00fchrung in das Literaturverwaltungsprogramm EndNote (Grundkurs)"},"content":{"rendered":"<p><a href=\"https:\/\/blogs.fu-berlin.de\/bibliotheken\/2010\/06\/08\/einfuhrung-in-das-literaturverwaltungsprogramm-endnote-grundkurs\/enlogosb\/\" rel=\"attachment wp-att-5337\"><img loading=\"lazy\" decoding=\"async\" src=\"https:\/\/blogs.fu-berlin.de\/bibliotheken\/files\/2010\/06\/ENlogoSB.gif\" alt=\"\" title=\"ENlogoSB\" width=\"149\" height=\"67\" class=\"alignright size-full wp-image-5337\" \/><\/a>EndNote ist eines der f\u00fchrenden Literaturverwaltungsprogramme. Der Kurs bietet einen ersten Einstieg in die Literaturverwaltung mit EndNote. Vermittelt werden grundlegende Optionen und Einstellungsm\u00f6glichkeiten um Daten ein- und auszulesen. Die Veranstaltung richtet sich an Studierende die EndNote w\u00e4hrend ihres Studiums effektiv f\u00fcr Ihre Haus- und Abschlussarbeiten nutzen wollen.<\/p>\n<p><strong>Termin: Mi, 16.06.2010, 10.00-12.00<\/strong><br \/>\nOrt: Universit\u00e4tsbibliothek, Garystr. 39, Schulungsraum<br \/>\nTreffpunkt: Informationszentrum<\/p>\n<p>Anmeldung: UB\/Informationszentrum: telefonisch 838-51111, per E-Mail: <a href=\"mailto:auskunft@ub.fu-berlin.de\">auskunft@ub.fu-berlin.de<\/a> oder pers\u00f6nlich vor Ort<\/p>\n","protected":false},"excerpt":{"rendered":"<p>EndNote ist eines der f\u00fchrenden Literaturverwaltungsprogramme. Der Kurs bietet einen ersten Einstieg in die Literaturverwaltung mit EndNote. Vermittelt werden grundlegende Optionen und Einstellungsm\u00f6glichkeiten um Daten ein- und auszulesen. Die Veranstaltung richtet sich an Studierende die EndNote w\u00e4hrend ihres Studiums effektiv f\u00fcr Ihre Haus- und Abschlussarbeiten nutzen wollen. Termin: Mi, 16.06.2010, 10.00-12.00 Ort: Universit\u00e4tsbibliothek, Garystr. 39, &hellip; <a href=\"https:\/\/blogs.fu-berlin.de\/bibliotheken\/2010\/06\/08\/einfuhrung-in-das-literaturverwaltungsprogramm-endnote-grundkurs\/\" class=\"more-link\"><span class=\"screen-reader-text\">\u201eEinf\u00fchrung in das Literaturverwaltungsprogramm EndNote (Grundkurs)\u201c<\/span> weiterlesen<\/a><\/p>\n","protected":false},"author":266,"featured_media":0,"comment_status":"open","ping_status":"open","sticky":false,"template":"","format":"standard","meta":{"footnotes":""},"categories":[491,601],"tags":[1561,191242],"class_list":["post-5335","post","type-post","status-publish","format-standard","hentry","category-lernangebote-kurse","category-universitatsbibliothek","tag-endnote","tag-informations-kompetenz"],"_links":{"self":[{"href":"https:\/\/blogs.fu-berlin.de\/bibliotheken\/wp-json\/wp\/v2\/posts\/5335","targetHints":{"allow":["GET"]}}],"collection":[{"href":"https:\/\/blogs.fu-berlin.de\/bibliotheken\/wp-json\/wp\/v2\/posts"}],"about":[{"href":"https:\/\/blogs.fu-berlin.de\/bibliotheken\/wp-json\/wp\/v2\/types\/post"}],"author":[{"embeddable":true,"href":"https:\/\/blogs.fu-berlin.de\/bibliotheken\/wp-json\/wp\/v2\/users\/266"}],"replies":[{"embeddable":true,"href":"https:\/\/blogs.fu-berlin.de\/bibliotheken\/wp-json\/wp\/v2\/comments?post=5335"}],"version-history":[{"count":11,"href":"https:\/\/blogs.fu-berlin.de\/bibliotheken\/wp-json\/wp\/v2\/posts\/5335\/revisions"}],"predecessor-version":[{"id":5347,"href":"https:\/\/blogs.fu-berlin.de\/bibliotheken\/wp-json\/wp\/v2\/posts\/5335\/revisions\/5347"}],"wp:attachment":[{"href":"https:\/\/blogs.fu-berlin.de\/bibliotheken\/wp-json\/wp\/v2\/media?parent=5335"}],"wp:term":[{"taxonomy":"category","embeddable":true,"href":"https:\/\/blogs.fu-berlin.de\/bibliotheken\/wp-json\/wp\/v2\/categories?post=5335"},{"taxonomy":"post_tag","embeddable":true,"href":"https:\/\/blogs.fu-berlin.de\/bibliotheken\/wp-json\/wp\/v2\/tags?post=5335"}],"curies":[{"name":"wp","href":"https:\/\/api.w.org\/{rel}","templated":true}]}}