{"id":546,"date":"2009-04-07T18:02:31","date_gmt":"2009-04-07T17:02:31","guid":{"rendered":"https:\/\/blogs.fu-berlin.de\/bibliotheken\/?p=546"},"modified":"2009-04-07T18:32:34","modified_gmt":"2009-04-07T17:32:34","slug":"gut-gelernt-gut-gelehrt-ruhr-universitat-bochum-startet-studierendenprojekt-zur-verbesserung-der-lehrkompetenz","status":"publish","type":"post","link":"https:\/\/blogs.fu-berlin.de\/bibliotheken\/2009\/04\/07\/gut-gelernt-gut-gelehrt-ruhr-universitat-bochum-startet-studierendenprojekt-zur-verbesserung-der-lehrkompetenz\/","title":{"rendered":"Gut gelernt &#8211; gut gelehrt! Ruhr-Universit\u00e4t Bochum startet Studierendenprojekt zur Verbesserung der Lehrkompetenz"},"content":{"rendered":"<p>Dass nicht jede\/r Wissenschaftler\/in die angeborene Gnade besitzt, ihr\/sein Fachwissen didaktisch kompetent an Studierende weitergeben zu k\u00f6nnen &#8211; gilt \u00fcbrigens auch f\u00fcr BibliothekarInnen! \ud83d\ude09 &#8211; ist ja bekannt. An der Ruhr-Universit\u00e4t Bochum (RUB) hat man sich dazu jetzt etwas Neues einfallen lassen und die Betroffenen (die Studis) zu Beteiligten gemacht: 12 &#8222;LernexpertInnen&#8220; aus unterschiedlichen Studieng\u00e4ngen sollen Systematiken entwickeln, um zielf\u00fchrende Didaktik und Motivation zu identifizieren und Kompetenzen (der Lehrenden) zu beschreiben, die erfolgreiches Lernen bef\u00f6rdern. Im Juni diesen Jahres sollen dann die Perspektiven der Studierenden und der Lehrenden auf &#8222;gelungene Lehre&#8220; in einem Dialog zusammengef\u00fchrt werden. Man darf gespannt sein &#8230;<\/p>\n<p>Mehr zum Projekt, das von der Stabsstelle &#8222;Interne Fortbildung und Beratung (IFB)&#8220; beim Rektorat der RUB gesteuert wird, findet sich <a href=\"https:\/\/www.uv.ruhr-uni-bochum.de\/ifb\/angebote_le\/kompetenzorientiert\/gut_gelernt_gut_gelehrt\/konzept.html\">hier<\/a>. Der Deutschlandfunk berichtete heute dar\u00fcber in seiner Sendung &#8222;Campus &amp; Karriere&#8220; (vgl. Online-Artikel <a href=\"https:\/\/www.dradio.de\/dlf\/sendungen\/campus\/946682\/\">&#8222;Hilfestellung aus dem H\u00f6rsaal&#8220;<\/a>).<\/p>\n","protected":false},"excerpt":{"rendered":"<p>Dass nicht jede\/r Wissenschaftler\/in die angeborene Gnade besitzt, ihr\/sein Fachwissen didaktisch kompetent an Studierende weitergeben zu k\u00f6nnen &#8211; gilt \u00fcbrigens auch f\u00fcr BibliothekarInnen! \ud83d\ude09 &#8211; ist ja bekannt. An der Ruhr-Universit\u00e4t Bochum (RUB) hat man sich dazu jetzt etwas Neues einfallen lassen und die Betroffenen (die Studis) zu Beteiligten gemacht: 12 &#8222;LernexpertInnen&#8220; aus unterschiedlichen Studieng\u00e4ngen &hellip; <a href=\"https:\/\/blogs.fu-berlin.de\/bibliotheken\/2009\/04\/07\/gut-gelernt-gut-gelehrt-ruhr-universitat-bochum-startet-studierendenprojekt-zur-verbesserung-der-lehrkompetenz\/\" class=\"more-link\"><span class=\"screen-reader-text\">\u201eGut gelernt &#8211; gut gelehrt! Ruhr-Universit\u00e4t Bochum startet Studierendenprojekt zur Verbesserung der Lehrkompetenz\u201c<\/span> weiterlesen<\/a><\/p>\n","protected":false},"author":267,"featured_media":0,"comment_status":"open","ping_status":"open","sticky":false,"template":"","format":"standard","meta":{"footnotes":""},"categories":[604],"tags":[367,648,647,646],"class_list":["post-546","post","type-post","status-publish","format-standard","hentry","category-ins-netz-geschaut","tag-lehre","tag-lehrkompetenz","tag-rub","tag-ruhr-universitat-bochum"],"_links":{"self":[{"href":"https:\/\/blogs.fu-berlin.de\/bibliotheken\/wp-json\/wp\/v2\/posts\/546","targetHints":{"allow":["GET"]}}],"collection":[{"href":"https:\/\/blogs.fu-berlin.de\/bibliotheken\/wp-json\/wp\/v2\/posts"}],"about":[{"href":"https:\/\/blogs.fu-berlin.de\/bibliotheken\/wp-json\/wp\/v2\/types\/post"}],"author":[{"embeddable":true,"href":"https:\/\/blogs.fu-berlin.de\/bibliotheken\/wp-json\/wp\/v2\/users\/267"}],"replies":[{"embeddable":true,"href":"https:\/\/blogs.fu-berlin.de\/bibliotheken\/wp-json\/wp\/v2\/comments?post=546"}],"version-history":[{"count":5,"href":"https:\/\/blogs.fu-berlin.de\/bibliotheken\/wp-json\/wp\/v2\/posts\/546\/revisions"}],"predecessor-version":[{"id":551,"href":"https:\/\/blogs.fu-berlin.de\/bibliotheken\/wp-json\/wp\/v2\/posts\/546\/revisions\/551"}],"wp:attachment":[{"href":"https:\/\/blogs.fu-berlin.de\/bibliotheken\/wp-json\/wp\/v2\/media?parent=546"}],"wp:term":[{"taxonomy":"category","embeddable":true,"href":"https:\/\/blogs.fu-berlin.de\/bibliotheken\/wp-json\/wp\/v2\/categories?post=546"},{"taxonomy":"post_tag","embeddable":true,"href":"https:\/\/blogs.fu-berlin.de\/bibliotheken\/wp-json\/wp\/v2\/tags?post=546"}],"curies":[{"name":"wp","href":"https:\/\/api.w.org\/{rel}","templated":true}]}}