{"id":5488,"date":"2010-06-15T17:10:14","date_gmt":"2010-06-15T16:10:14","guid":{"rendered":"https:\/\/blogs.fu-berlin.de\/bibliotheken\/?p=5488"},"modified":"2010-06-17T15:09:19","modified_gmt":"2010-06-17T14:09:19","slug":"virtuelle-fachbibliothek-im-wm-fieber","status":"publish","type":"post","link":"https:\/\/blogs.fu-berlin.de\/bibliotheken\/2010\/06\/15\/virtuelle-fachbibliothek-im-wm-fieber\/","title":{"rendered":"Virtuelle Fachbibliothek im WM-Fieber"},"content":{"rendered":"<p><img decoding=\"async\" src=\"https:\/\/upload.wikimedia.org\/wikipedia\/commons\/thumb\/d\/d8\/W.Cup.svg\/52px-W.Cup.svg.png\" alt=\"\" align=\"right\" \/>Sp\u00e4testens seit dem 4:0-Sieg der deutschen Nationalmannschaft gegen Australien kommt die WM-Euphorie in Deutschland in Schwung. Bereits seit Ende April hat sich die Afrika-Abteilung der Universit\u00e4tsbibliothek Frankfurt\/Main und das GIGA Informationszentrum (Fachbibliothek Afrika in Hamburg) auf die erstmals in Afrika ausgetragene Fu\u00dfball-Weltmeisterschaft der M\u00e4nner eingestellt. In der gemeinsam betriebenen Virtuellen Fachbibliothek <a href=\"https:\/\/vs13.kobv.de\/V\/portal=FUBERLIN&amp;institute=FUBERLIN&amp;?func=find-db-1-title&amp;mode=titles&amp;azlist=N&amp;scan_utf=&amp;scan_start=ilissafrica&amp;search_type=contains&amp;restricted=all\">ilissAfrica<\/a> weisen zwei prominente Verlinkungen nebst WM-Logo auf das Ereignis hin. Neben ausgew\u00e4hlten Webseiten erhalten Fu\u00dfball- und Afrika-Liebhaber zahlreiche Literaturtipps &#8211; von der wissenschaftlichen Abhandlung \u00fcber den afrikanischen Fu\u00dfball bis zum &#8222;Fan-Kochbuch&#8220; ist alles dabei <img decoding=\"async\" class=\"wp-smiley\" src=\"https:\/\/blogs.fu-berlin.de\/bibliotheken\/wp-includes\/images\/smilies\/icon_wink.gif\" alt=\";)\" \/>.<\/p>\n<h6>Danke f\u00fcr die Grafik an <a href=\"https:\/\/commons.wikimedia.org\/wiki\/File:W.Cup.svg\">WikiCommons<\/a>!<\/h6>\n","protected":false},"excerpt":{"rendered":"<p>Sp\u00e4testens seit dem 4:0-Sieg der deutschen Nationalmannschaft gegen Australien kommt die WM-Euphorie in Deutschland in Schwung. Bereits seit Ende April hat sich die Afrika-Abteilung der Universit\u00e4tsbibliothek Frankfurt\/Main und das GIGA Informationszentrum (Fachbibliothek Afrika in Hamburg) auf die erstmals in Afrika ausgetragene Fu\u00dfball-Weltmeisterschaft der M\u00e4nner eingestellt. In der gemeinsam betriebenen Virtuellen Fachbibliothek ilissAfrica weisen zwei prominente &hellip; <a href=\"https:\/\/blogs.fu-berlin.de\/bibliotheken\/2010\/06\/15\/virtuelle-fachbibliothek-im-wm-fieber\/\" class=\"more-link\"><span class=\"screen-reader-text\">\u201eVirtuelle Fachbibliothek im WM-Fieber\u201c<\/span> weiterlesen<\/a><\/p>\n","protected":false},"author":293,"featured_media":0,"comment_status":"open","ping_status":"open","sticky":false,"template":"","format":"standard","meta":{"footnotes":""},"categories":[604],"tags":[1836,1835,1829],"class_list":["post-5488","post","type-post","status-publish","format-standard","hentry","category-ins-netz-geschaut","tag-fusball-wm-2010","tag-ilissafrica","tag-sudafrika"],"_links":{"self":[{"href":"https:\/\/blogs.fu-berlin.de\/bibliotheken\/wp-json\/wp\/v2\/posts\/5488","targetHints":{"allow":["GET"]}}],"collection":[{"href":"https:\/\/blogs.fu-berlin.de\/bibliotheken\/wp-json\/wp\/v2\/posts"}],"about":[{"href":"https:\/\/blogs.fu-berlin.de\/bibliotheken\/wp-json\/wp\/v2\/types\/post"}],"author":[{"embeddable":true,"href":"https:\/\/blogs.fu-berlin.de\/bibliotheken\/wp-json\/wp\/v2\/users\/293"}],"replies":[{"embeddable":true,"href":"https:\/\/blogs.fu-berlin.de\/bibliotheken\/wp-json\/wp\/v2\/comments?post=5488"}],"version-history":[{"count":6,"href":"https:\/\/blogs.fu-berlin.de\/bibliotheken\/wp-json\/wp\/v2\/posts\/5488\/revisions"}],"predecessor-version":[{"id":5507,"href":"https:\/\/blogs.fu-berlin.de\/bibliotheken\/wp-json\/wp\/v2\/posts\/5488\/revisions\/5507"}],"wp:attachment":[{"href":"https:\/\/blogs.fu-berlin.de\/bibliotheken\/wp-json\/wp\/v2\/media?parent=5488"}],"wp:term":[{"taxonomy":"category","embeddable":true,"href":"https:\/\/blogs.fu-berlin.de\/bibliotheken\/wp-json\/wp\/v2\/categories?post=5488"},{"taxonomy":"post_tag","embeddable":true,"href":"https:\/\/blogs.fu-berlin.de\/bibliotheken\/wp-json\/wp\/v2\/tags?post=5488"}],"curies":[{"name":"wp","href":"https:\/\/api.w.org\/{rel}","templated":true}]}}