{"id":5497,"date":"2010-06-17T13:19:09","date_gmt":"2010-06-17T12:19:09","guid":{"rendered":"https:\/\/blogs.fu-berlin.de\/bibliotheken\/?p=5497"},"modified":"2010-06-17T13:29:58","modified_gmt":"2010-06-17T12:29:58","slug":"60-jahre-und-keine-ende-das-taschenbuch-hat-geburtstag","status":"publish","type":"post","link":"https:\/\/blogs.fu-berlin.de\/bibliotheken\/2010\/06\/17\/60-jahre-und-keine-ende-das-taschenbuch-hat-geburtstag\/","title":{"rendered":"60 Jahre und keine Ende &#8211; das Taschenbuch hat Geburtstag"},"content":{"rendered":"<p>Heute vor sechzig Jahren brachte Rowohlt die ersten &#8222;modernen&#8220; Taschenb\u00fccher auf den Markt. Revolution\u00e4r waren weniger die Inhalte (der Rowohlt-Verlag konnte vor allem zur\u00fcckgreifen auf Rechte aus den zwanziger und drei\u00dfiger Jahren an Romanen gro\u00dfer amerikanischer Autoren wie Hemingway, Faulkner u.a.), sondern eher das Format (11-18 cm) und vor allem ein neuartiges Verfahren zum Kleben der Buchr\u00fcckseiten (&#8222;Lumbeck&#8220;-Technik).<\/p>\n<p>Nach der Abschottung der deutschen Kultur in der Zeit des Nationalsozialismus boten die Taschenb\u00fccher allerdings sehr wohl einem deutschen Massenpublikum die Chance auf preisg\u00fcnstige Weise geistig wieder Anschluss an die westliche Welt und die Weltliteratur herzustellen und waren somit neben einer verlegerischen Erfolgsstory aus der Zeit des beginnenden &#8222;Wirtschaftswunders&#8220; zugleich ein beachtliches westdeutsches Kulturph\u00e4nomen.<\/p>\n<p>Der erste Band in einer Reihe von zahllosen Titeln, die in der Regel nicht unter einer Erstauflage von 50.000 Exemplaren erschienen und st\u00e4ndig nachgedruckt wurden, war \u00fcbrigens Hans Falladas&#8216;  &#8222;Kleiner Mann was nun?&#8220;<\/p>\n<p>Wer noch mehr zum Taschenbuch und dessen Geburtstag erfahren m\u00f6chte, sei verwiesen auf ein h\u00f6rens- bzw. lesenswertes <a href=\"https:\/\/www.dradio.de\/dlf\/sendungen\/interview_dlf\/1205288\/\">Interview<\/a>, das der Deutschlandfunk heute mit dem ehemaligen Kulturstaatsminister Michael Naumann gef\u00fchrt hat.<\/p>\n","protected":false},"excerpt":{"rendered":"<p>Heute vor sechzig Jahren brachte Rowohlt die ersten &#8222;modernen&#8220; Taschenb\u00fccher auf den Markt. Revolution\u00e4r waren weniger die Inhalte (der Rowohlt-Verlag konnte vor allem zur\u00fcckgreifen auf Rechte aus den zwanziger und drei\u00dfiger Jahren an Romanen gro\u00dfer amerikanischer Autoren wie Hemingway, Faulkner u.a.), sondern eher das Format (11-18 cm) und vor allem ein neuartiges Verfahren zum Kleben &hellip; <a href=\"https:\/\/blogs.fu-berlin.de\/bibliotheken\/2010\/06\/17\/60-jahre-und-keine-ende-das-taschenbuch-hat-geburtstag\/\" class=\"more-link\"><span class=\"screen-reader-text\">\u201e60 Jahre und keine Ende &#8211; das Taschenbuch hat Geburtstag\u201c<\/span> weiterlesen<\/a><\/p>\n","protected":false},"author":267,"featured_media":0,"comment_status":"open","ping_status":"open","sticky":false,"template":"","format":"standard","meta":{"footnotes":""},"categories":[604],"tags":[417,1843,1842],"class_list":["post-5497","post","type-post","status-publish","format-standard","hentry","category-ins-netz-geschaut","tag-geburtstag","tag-rowohlt","tag-taschenbuch"],"_links":{"self":[{"href":"https:\/\/blogs.fu-berlin.de\/bibliotheken\/wp-json\/wp\/v2\/posts\/5497","targetHints":{"allow":["GET"]}}],"collection":[{"href":"https:\/\/blogs.fu-berlin.de\/bibliotheken\/wp-json\/wp\/v2\/posts"}],"about":[{"href":"https:\/\/blogs.fu-berlin.de\/bibliotheken\/wp-json\/wp\/v2\/types\/post"}],"author":[{"embeddable":true,"href":"https:\/\/blogs.fu-berlin.de\/bibliotheken\/wp-json\/wp\/v2\/users\/267"}],"replies":[{"embeddable":true,"href":"https:\/\/blogs.fu-berlin.de\/bibliotheken\/wp-json\/wp\/v2\/comments?post=5497"}],"version-history":[{"count":9,"href":"https:\/\/blogs.fu-berlin.de\/bibliotheken\/wp-json\/wp\/v2\/posts\/5497\/revisions"}],"predecessor-version":[{"id":5506,"href":"https:\/\/blogs.fu-berlin.de\/bibliotheken\/wp-json\/wp\/v2\/posts\/5497\/revisions\/5506"}],"wp:attachment":[{"href":"https:\/\/blogs.fu-berlin.de\/bibliotheken\/wp-json\/wp\/v2\/media?parent=5497"}],"wp:term":[{"taxonomy":"category","embeddable":true,"href":"https:\/\/blogs.fu-berlin.de\/bibliotheken\/wp-json\/wp\/v2\/categories?post=5497"},{"taxonomy":"post_tag","embeddable":true,"href":"https:\/\/blogs.fu-berlin.de\/bibliotheken\/wp-json\/wp\/v2\/tags?post=5497"}],"curies":[{"name":"wp","href":"https:\/\/api.w.org\/{rel}","templated":true}]}}