{"id":5567,"date":"2010-06-25T10:18:59","date_gmt":"2010-06-25T09:18:59","guid":{"rendered":"https:\/\/blogs.fu-berlin.de\/bibliotheken\/?p=5567"},"modified":"2010-06-25T14:42:26","modified_gmt":"2010-06-25T13:42:26","slug":"autorenwettstreit-am-worthersee","status":"publish","type":"post","link":"https:\/\/blogs.fu-berlin.de\/bibliotheken\/2010\/06\/25\/autorenwettstreit-am-worthersee\/","title":{"rendered":"Autorenwettstreit am W\u00f6rthersee"},"content":{"rendered":"<p><img decoding=\"async\" src=\"https:\/\/upload.wikimedia.org\/wikipedia\/commons\/thumb\/e\/e7\/Klagenfurt_Lend.jpg\/120px-Klagenfurt_Lend.jpg\" alt=\"\" align=\"right\" \/>Es wird wieder gelesen am W\u00f6rthersee \u2013 gestern starteten in Klagenfurt zum 34. Mal die <em>Tage der deutschsprachigen Literatur<\/em>, in deren Verlauf der renommierte <a href=\"https:\/\/bachmannpreis.eu\/\">Ingeborg-Bachmann-Preis<\/a> vergeben wird. Bis Samstag treten 14 eher unbekannte Autorinnen und Autoren aus Deutschland, \u00d6sterreich und der Schweiz im Wettstreit gegeneinander an. Das Besondere dabei: die bisher unver\u00f6ffentlichten Prosatexte werden direkt nach der Autorenlesung (bis zu 30 min lang) von den sieben Jurymitgliedern \u00f6ffentlich vor Publikum diskutiert. Ebenso erfolgt die Ermittlung des Preistr\u00e4gers in einer offenen Abstimmung. Der Lesemarathon wird wie jedes Jahr live vom <span style=\"text-decoration: line-through\">ORF<\/span> 3sat im Fernsehen ausgestrahlt, allerdings f\u00fcr Berufst\u00e4tige zu eher <a href=\"https:\/\/bachmannpreis.eu\/de\/bachmannpreis\/2224\">ung\u00fcnstigen Zeiten (doch es gibt Alternativen!)<\/a>. Bereits am 27. Juni ist die Preisverleihung.<\/p>\n<p>Zur diesj\u00e4hrigen Jury, die die Wettbewerbsteilnehmer auch vorschl\u00e4gt, z\u00e4hlen der deutsche Journalist und Literaturkritiker Hubert Winkels, der deutsche Schriftsteller Burkhard Spinnen, der \u00f6sterreichische Journalist Paul Jandl und der Schweizer Autor Alain Claude Sulzer.<\/p>\n<p>Autoren im Wettbewerb:<\/p>\n<ul>\n<li> Volker H. Altwasser (Deutschland)<\/li>\n<li> Thomas Ballhausen (\u00d6sterreich)<\/li>\n<li> Dorothee Elmiger (Schweiz)<\/li>\n<li> Christian Fries (Deutschland)<\/li>\n<li> Sabrina Janesch (Deutschland)<\/li>\n<li> Josef Kleindienst (\u00d6sterreich)<\/li>\n<li> Christopher Kloeble (Deutschland)<\/li>\n<li> Daniel Mezger (Schweiz)<\/li>\n<li> Verena Rossbacher (\u00d6sterreich)<\/li>\n<li> Max Scharnigg (Deutschland)<\/li>\n<li> Iris Schmidt (Deutschland)<\/li>\n<li> Aleks Scholz (Deutschland)<\/li>\n<li> Peter Wawerzinek (Deutschland)<\/li>\n<li> Judith Zander (Deutschland)<\/li>\n<\/ul>\n<p>Die bisher vorgetragenen Texte lassen sich zeitnah auf der offiziellen Website <a href=\"https:\/\/bachmannpreis.eu\/de\/texte\">nachlesen<\/a>. Im letzten Jahr hatte der deutsche Autor Jens Petersen mit seinem Romanauszug <a href=\"https:\/\/bachmannpreis.eu\/de\/texte\/1795\"><em>Bis dass der Tod<\/em><\/a> die Nase vorn.<\/p>\n<h6>Danke f\u00fcr das Bild an <a href=\"https:\/\/de.wikipedia.org\/w\/index.php?title=Datei:Klagenfurt Lend.jpg\">WikiCommons<\/a>!<\/h6>\n","protected":false},"excerpt":{"rendered":"<p>Es wird wieder gelesen am W\u00f6rthersee \u2013 gestern starteten in Klagenfurt zum 34. Mal die Tage der deutschsprachigen Literatur, in deren Verlauf der renommierte Ingeborg-Bachmann-Preis vergeben wird. Bis Samstag treten 14 eher unbekannte Autorinnen und Autoren aus Deutschland, \u00d6sterreich und der Schweiz im Wettstreit gegeneinander an. Das Besondere dabei: die bisher unver\u00f6ffentlichten Prosatexte werden direkt &hellip; <a href=\"https:\/\/blogs.fu-berlin.de\/bibliotheken\/2010\/06\/25\/autorenwettstreit-am-worthersee\/\" class=\"more-link\"><span class=\"screen-reader-text\">\u201eAutorenwettstreit am W\u00f6rthersee\u201c<\/span> weiterlesen<\/a><\/p>\n","protected":false},"author":293,"featured_media":0,"comment_status":"open","ping_status":"open","sticky":false,"template":"","format":"standard","meta":{"footnotes":""},"categories":[604,492],"tags":[1849,1851,1850],"class_list":["post-5567","post","type-post","status-publish","format-standard","hentry","category-ins-netz-geschaut","category-literaturtipps","tag-ingeborg-bachmann-preis","tag-klagenfurt","tag-tage-der-deutschsprachigen-literatur"],"_links":{"self":[{"href":"https:\/\/blogs.fu-berlin.de\/bibliotheken\/wp-json\/wp\/v2\/posts\/5567","targetHints":{"allow":["GET"]}}],"collection":[{"href":"https:\/\/blogs.fu-berlin.de\/bibliotheken\/wp-json\/wp\/v2\/posts"}],"about":[{"href":"https:\/\/blogs.fu-berlin.de\/bibliotheken\/wp-json\/wp\/v2\/types\/post"}],"author":[{"embeddable":true,"href":"https:\/\/blogs.fu-berlin.de\/bibliotheken\/wp-json\/wp\/v2\/users\/293"}],"replies":[{"embeddable":true,"href":"https:\/\/blogs.fu-berlin.de\/bibliotheken\/wp-json\/wp\/v2\/comments?post=5567"}],"version-history":[{"count":9,"href":"https:\/\/blogs.fu-berlin.de\/bibliotheken\/wp-json\/wp\/v2\/posts\/5567\/revisions"}],"predecessor-version":[{"id":5577,"href":"https:\/\/blogs.fu-berlin.de\/bibliotheken\/wp-json\/wp\/v2\/posts\/5567\/revisions\/5577"}],"wp:attachment":[{"href":"https:\/\/blogs.fu-berlin.de\/bibliotheken\/wp-json\/wp\/v2\/media?parent=5567"}],"wp:term":[{"taxonomy":"category","embeddable":true,"href":"https:\/\/blogs.fu-berlin.de\/bibliotheken\/wp-json\/wp\/v2\/categories?post=5567"},{"taxonomy":"post_tag","embeddable":true,"href":"https:\/\/blogs.fu-berlin.de\/bibliotheken\/wp-json\/wp\/v2\/tags?post=5567"}],"curies":[{"name":"wp","href":"https:\/\/api.w.org\/{rel}","templated":true}]}}