{"id":5582,"date":"2010-06-29T09:19:22","date_gmt":"2010-06-29T08:19:22","guid":{"rendered":"https:\/\/blogs.fu-berlin.de\/bibliotheken\/?p=5582"},"modified":"2010-06-29T09:19:22","modified_gmt":"2010-06-29T08:19:22","slug":"einfuhrungsveranstaltung-nachrichten-und-presserecherche-in-digitalen-medien-2","status":"publish","type":"post","link":"https:\/\/blogs.fu-berlin.de\/bibliotheken\/2010\/06\/29\/einfuhrungsveranstaltung-nachrichten-und-presserecherche-in-digitalen-medien-2\/","title":{"rendered":"Einf\u00fchrungsveranstaltung: Nachrichten- und Presserecherche in digitalen Medien"},"content":{"rendered":"<p>Das Angebot an Nachrichten und Pressemeldungen hat nicht zuletzt im Sog des Internets eine verwirrende Vielfalt erlangt. Die Veranstaltung m\u00f6chte in diesem Umfeld vor allem Orientierungshilfe leisten und wendet sich an Teilnehmer aller Fachrichtungen.<br \/>\nSie bietet zum einen einen \u00dcberblick \u00fcber Zug\u00e4nge zur deutschen Qualit\u00e4tspresse und zu ausgew\u00e4hlten internationalen Zeitungen in digitaler Form, wobei die Archive der einzelnen Zeitungen und deren Zug\u00e4nglichkeit f\u00fcr retrospektive Recherchen im Vordergrund stehen.<br \/>\nEin zweiter Schwerpunkt liegt auf der Darstellung reiner Onlineservices bzw. frei im Internet verf\u00fcgbarer Nachrichtenportale und -suchmaschinen (Google News, WorldNews.com, RSS-Feeds u.a.).<\/p>\n<p><strong>Termin: Do, 08.07.2010, 10.00-12.00<\/strong><\/p>\n<p>Ort: Universit\u00e4tsbibliothek, Garystr. 39, Schulungsraum<br \/>\nTreffpunkt: Informationszentrum<\/p>\n<p>Anmeldung: UB\/Informationszentrum: telefonisch 838-51111, per E-Mail: <a href=\"mailto:auskunft@ub.fu-berlin.de\">auskunft@ub.fu-berlin.de<\/a> oder pers\u00f6nlich vor Ort<\/p>\n","protected":false},"excerpt":{"rendered":"<p>Das Angebot an Nachrichten und Pressemeldungen hat nicht zuletzt im Sog des Internets eine verwirrende Vielfalt erlangt. Die Veranstaltung m\u00f6chte in diesem Umfeld vor allem Orientierungshilfe leisten und wendet sich an Teilnehmer aller Fachrichtungen. Sie bietet zum einen einen \u00dcberblick \u00fcber Zug\u00e4nge zur deutschen Qualit\u00e4tspresse und zu ausgew\u00e4hlten internationalen Zeitungen in digitaler Form, wobei die &hellip; <a href=\"https:\/\/blogs.fu-berlin.de\/bibliotheken\/2010\/06\/29\/einfuhrungsveranstaltung-nachrichten-und-presserecherche-in-digitalen-medien-2\/\" class=\"more-link\"><span class=\"screen-reader-text\">\u201eEinf\u00fchrungsveranstaltung: Nachrichten- und Presserecherche in digitalen Medien\u201c<\/span> weiterlesen<\/a><\/p>\n","protected":false},"author":266,"featured_media":0,"comment_status":"open","ping_status":"open","sticky":false,"template":"","format":"standard","meta":{"footnotes":""},"categories":[491,493,601],"tags":[191242],"class_list":["post-5582","post","type-post","status-publish","format-standard","hentry","category-lernangebote-kurse","category-recherchetipps","category-universitatsbibliothek","tag-informations-kompetenz"],"_links":{"self":[{"href":"https:\/\/blogs.fu-berlin.de\/bibliotheken\/wp-json\/wp\/v2\/posts\/5582","targetHints":{"allow":["GET"]}}],"collection":[{"href":"https:\/\/blogs.fu-berlin.de\/bibliotheken\/wp-json\/wp\/v2\/posts"}],"about":[{"href":"https:\/\/blogs.fu-berlin.de\/bibliotheken\/wp-json\/wp\/v2\/types\/post"}],"author":[{"embeddable":true,"href":"https:\/\/blogs.fu-berlin.de\/bibliotheken\/wp-json\/wp\/v2\/users\/266"}],"replies":[{"embeddable":true,"href":"https:\/\/blogs.fu-berlin.de\/bibliotheken\/wp-json\/wp\/v2\/comments?post=5582"}],"version-history":[{"count":3,"href":"https:\/\/blogs.fu-berlin.de\/bibliotheken\/wp-json\/wp\/v2\/posts\/5582\/revisions"}],"predecessor-version":[{"id":5585,"href":"https:\/\/blogs.fu-berlin.de\/bibliotheken\/wp-json\/wp\/v2\/posts\/5582\/revisions\/5585"}],"wp:attachment":[{"href":"https:\/\/blogs.fu-berlin.de\/bibliotheken\/wp-json\/wp\/v2\/media?parent=5582"}],"wp:term":[{"taxonomy":"category","embeddable":true,"href":"https:\/\/blogs.fu-berlin.de\/bibliotheken\/wp-json\/wp\/v2\/categories?post=5582"},{"taxonomy":"post_tag","embeddable":true,"href":"https:\/\/blogs.fu-berlin.de\/bibliotheken\/wp-json\/wp\/v2\/tags?post=5582"}],"curies":[{"name":"wp","href":"https:\/\/api.w.org\/{rel}","templated":true}]}}