{"id":568,"date":"2009-04-23T08:40:36","date_gmt":"2009-04-23T07:40:36","guid":{"rendered":"https:\/\/blogs.fu-berlin.de\/bibliotheken\/?p=568"},"modified":"2021-09-17T13:05:35","modified_gmt":"2021-09-17T12:05:35","slug":"60-jahre-menschenrechte-dokumentation-erschienen","status":"publish","type":"post","link":"https:\/\/blogs.fu-berlin.de\/bibliotheken\/2009\/04\/23\/60-jahre-menschenrechte-dokumentation-erschienen\/","title":{"rendered":"60 Jahre Menschenrechte: Dokumentation erschienen"},"content":{"rendered":"\n<p><em><span class=\"has-inline-color has-bright-red-color\">Der Betrieb des \u201eDokumentationszentrums UN \u2013 EU\u201c wird eingestellt. Die entsprechende Literatur bleibt im Bestand und ist weiterhin zug\u00e4nglich.<\/span><\/em><\/p>\n\n\n<p>Vom 08.12.2008-15.02.2009 zeigte das <a href=\"https:\/\/www.ub.fu-berlin.de\/bibliothek\/uneu\/\">Dokumentationszentrum Vereinte Nationen &#8211; Europ\u00e4ische Union (UN-EU)<\/a> der Universit\u00e4tsbibliothek eine Ausstellung anl\u00e4\u00dflich des 60-j\u00e4hrigen Jubil\u00e4ums der Allgemeinen Erkl\u00e4rung der Menschenrechte (AEMR). <\/p>\n<p>Behandelt wurden so spannende Themenbereiche wie die Entstehungsgeschichte der Universal Declaration of Human Rights 1945-1948, das menschenrechtliche Schutzsystem der Vereinten Nationen (internationale Menschenrechtsvertr\u00e4ge und Vertragsorgane, High Commissioner of Human Rights und Human Rights Council) und die Menschenrechte in Deutschland (Grundrechte und Menschenrechte, deutsche Menschenrechtspolitik).<\/p>\n<p>Zus\u00e4tzlich wurde ein Menschenrecht exemplarisch als Querschnittsthema behandelt: das Recht auf Bildung in der Menschenrechtsdeklaration, seine Kodifizierung durch internationale Menschenrechtsvertr\u00e4ge, die \u00dcberwachung seiner Umsetzung durch die menschenrechtlichen Schutzmechanismen der Vereinten Nationen und die Situation in Deutschland.<\/p>\n<p>Allen, die diese informative Ausstellung verpasst haben, oder die Texte nachlesen m\u00f6chten, steht jetzt dankenswerterweise eine <a href=\"https:\/\/www.ub.fu-berlin.de\/service_neu\/ubpubl\/mitarbeiter\/dbe\/UDHR60\/UDHR60-uebersicht.html\">Dokumentation auf der UB-Webseite <\/a>zur Verf\u00fcgung.<\/p>","protected":false},"excerpt":{"rendered":"<p>Der Betrieb des \u201eDokumentationszentrums UN \u2013 EU\u201c wird eingestellt. Die entsprechende Literatur bleibt im Bestand und ist weiterhin zug\u00e4nglich. Vom 08.12.2008-15.02.2009 zeigte das Dokumentationszentrum Vereinte Nationen &#8211; Europ\u00e4ische Union (UN-EU) der Universit\u00e4tsbibliothek eine Ausstellung anl\u00e4\u00dflich des 60-j\u00e4hrigen Jubil\u00e4ums der Allgemeinen Erkl\u00e4rung der Menschenrechte (AEMR). Behandelt wurden so spannende Themenbereiche wie die Entstehungsgeschichte der Universal Declaration &hellip; <a href=\"https:\/\/blogs.fu-berlin.de\/bibliotheken\/2009\/04\/23\/60-jahre-menschenrechte-dokumentation-erschienen\/\" class=\"more-link\"><span class=\"screen-reader-text\">\u201e60 Jahre Menschenrechte: Dokumentation erschienen\u201c<\/span> weiterlesen<\/a><\/p>\n","protected":false},"author":265,"featured_media":0,"comment_status":"open","ping_status":"open","sticky":false,"template":"","format":"standard","meta":{"footnotes":""},"categories":[9],"tags":[581,653,652],"class_list":["post-568","post","type-post","status-publish","format-standard","hentry","category-allgemein","tag-ausstellung","tag-dokumentation","tag-menschenrechte"],"_links":{"self":[{"href":"https:\/\/blogs.fu-berlin.de\/bibliotheken\/wp-json\/wp\/v2\/posts\/568","targetHints":{"allow":["GET"]}}],"collection":[{"href":"https:\/\/blogs.fu-berlin.de\/bibliotheken\/wp-json\/wp\/v2\/posts"}],"about":[{"href":"https:\/\/blogs.fu-berlin.de\/bibliotheken\/wp-json\/wp\/v2\/types\/post"}],"author":[{"embeddable":true,"href":"https:\/\/blogs.fu-berlin.de\/bibliotheken\/wp-json\/wp\/v2\/users\/265"}],"replies":[{"embeddable":true,"href":"https:\/\/blogs.fu-berlin.de\/bibliotheken\/wp-json\/wp\/v2\/comments?post=568"}],"version-history":[{"count":6,"href":"https:\/\/blogs.fu-berlin.de\/bibliotheken\/wp-json\/wp\/v2\/posts\/568\/revisions"}],"predecessor-version":[{"id":29753,"href":"https:\/\/blogs.fu-berlin.de\/bibliotheken\/wp-json\/wp\/v2\/posts\/568\/revisions\/29753"}],"wp:attachment":[{"href":"https:\/\/blogs.fu-berlin.de\/bibliotheken\/wp-json\/wp\/v2\/media?parent=568"}],"wp:term":[{"taxonomy":"category","embeddable":true,"href":"https:\/\/blogs.fu-berlin.de\/bibliotheken\/wp-json\/wp\/v2\/categories?post=568"},{"taxonomy":"post_tag","embeddable":true,"href":"https:\/\/blogs.fu-berlin.de\/bibliotheken\/wp-json\/wp\/v2\/tags?post=568"}],"curies":[{"name":"wp","href":"https:\/\/api.w.org\/{rel}","templated":true}]}}