{"id":5795,"date":"2010-07-12T09:58:40","date_gmt":"2010-07-12T08:58:40","guid":{"rendered":"https:\/\/blogs.fu-berlin.de\/bibliotheken\/?p=5795"},"modified":"2010-07-12T10:03:05","modified_gmt":"2010-07-12T09:03:05","slug":"der-buchersommer-der-politiker","status":"publish","type":"post","link":"https:\/\/blogs.fu-berlin.de\/bibliotheken\/2010\/07\/12\/der-buchersommer-der-politiker\/","title":{"rendered":"Der B\u00fcchersommer der Politiker"},"content":{"rendered":"<p><img decoding=\"async\" src=\"https:\/\/upload.wikimedia.org\/wikipedia\/commons\/thumb\/9\/95\/Lattakia_beach_(335105386).jpg\/120px-Lattakia_beach_(335105386).jpg\" alt=\"\" align=\"right\" \/>Fast zeitgleich mit den WM-Helden aus S\u00fcdafrika gehen die deutschen Politiker in die Sommerpause. Die Frankfurter Allgemeine Sonntagszeitung hat dies zum Anlass genommen, Beck, Gysi, Roth, Schavan, Seehofer &amp; Co. nach ihrer Urlaubslekt\u00fcre zu befragen (und ihre Auswahl zu begr\u00fcnden). Von Krimis, \u00fcber die neuesten Werke von John Irving und Marie N&#8217;Diaye bis hin zu Sachb\u00fcchern pr\u00e4sentiert sich eine bunte Liste. F\u00fcr FU-Angeh\u00f6rige ist der Artikel <a href=\"https:\/\/faz-archiv.faz.net\/intranet\/biblionet\/webcgi?START=A60&amp;DOKV_DB=FAST,FAS&amp;DOKV_NO=SD1201007112765519&amp;DOKV_HS=0&amp;ZG_PORTAL=biblionet\">\u201eB\u00fcchersommer\u201c<\/a> kostenfrei \u00fcber das neue Frankfurter-Allgemeine-Archiv zug\u00e4nglich. Zum Lesen bietet sich besser die &#8222;Ansicht als Artikel-Faksimile&#8220; bzw. das &#8222;Ganzseiten-PDF&#8220; an, die man unten auf der Seite ausw\u00e4hlen kann.<\/p>\n<h6>Danke f\u00fcr das Bild an <a href=\"https:\/\/commons.wikimedia.org\/wiki\/File:Lattakia_beach_(335105386).jpg\">WikiCommons<\/a>!<\/h6>\n","protected":false},"excerpt":{"rendered":"<p>Fast zeitgleich mit den WM-Helden aus S\u00fcdafrika gehen die deutschen Politiker in die Sommerpause. Die Frankfurter Allgemeine Sonntagszeitung hat dies zum Anlass genommen, Beck, Gysi, Roth, Schavan, Seehofer &amp; Co. nach ihrer Urlaubslekt\u00fcre zu befragen (und ihre Auswahl zu begr\u00fcnden). Von Krimis, \u00fcber die neuesten Werke von John Irving und Marie N&#8217;Diaye bis hin zu &hellip; <a href=\"https:\/\/blogs.fu-berlin.de\/bibliotheken\/2010\/07\/12\/der-buchersommer-der-politiker\/\" class=\"more-link\"><span class=\"screen-reader-text\">\u201eDer B\u00fcchersommer der Politiker\u201c<\/span> weiterlesen<\/a><\/p>\n","protected":false},"author":293,"featured_media":0,"comment_status":"open","ping_status":"open","sticky":false,"template":"","format":"standard","meta":{"footnotes":""},"categories":[604],"tags":[1898,1899],"class_list":["post-5795","post","type-post","status-publish","format-standard","hentry","category-ins-netz-geschaut","tag-politiker","tag-urlaubslekture"],"_links":{"self":[{"href":"https:\/\/blogs.fu-berlin.de\/bibliotheken\/wp-json\/wp\/v2\/posts\/5795","targetHints":{"allow":["GET"]}}],"collection":[{"href":"https:\/\/blogs.fu-berlin.de\/bibliotheken\/wp-json\/wp\/v2\/posts"}],"about":[{"href":"https:\/\/blogs.fu-berlin.de\/bibliotheken\/wp-json\/wp\/v2\/types\/post"}],"author":[{"embeddable":true,"href":"https:\/\/blogs.fu-berlin.de\/bibliotheken\/wp-json\/wp\/v2\/users\/293"}],"replies":[{"embeddable":true,"href":"https:\/\/blogs.fu-berlin.de\/bibliotheken\/wp-json\/wp\/v2\/comments?post=5795"}],"version-history":[{"count":5,"href":"https:\/\/blogs.fu-berlin.de\/bibliotheken\/wp-json\/wp\/v2\/posts\/5795\/revisions"}],"predecessor-version":[{"id":5799,"href":"https:\/\/blogs.fu-berlin.de\/bibliotheken\/wp-json\/wp\/v2\/posts\/5795\/revisions\/5799"}],"wp:attachment":[{"href":"https:\/\/blogs.fu-berlin.de\/bibliotheken\/wp-json\/wp\/v2\/media?parent=5795"}],"wp:term":[{"taxonomy":"category","embeddable":true,"href":"https:\/\/blogs.fu-berlin.de\/bibliotheken\/wp-json\/wp\/v2\/categories?post=5795"},{"taxonomy":"post_tag","embeddable":true,"href":"https:\/\/blogs.fu-berlin.de\/bibliotheken\/wp-json\/wp\/v2\/tags?post=5795"}],"curies":[{"name":"wp","href":"https:\/\/api.w.org\/{rel}","templated":true}]}}