{"id":5824,"date":"2010-07-13T10:20:24","date_gmt":"2010-07-13T09:20:24","guid":{"rendered":"https:\/\/blogs.fu-berlin.de\/bibliotheken\/?p=5824"},"modified":"2010-07-13T10:20:24","modified_gmt":"2010-07-13T09:20:24","slug":"botanische-nacht-am-17-juli-2010","status":"publish","type":"post","link":"https:\/\/blogs.fu-berlin.de\/bibliotheken\/2010\/07\/13\/botanische-nacht-am-17-juli-2010\/","title":{"rendered":"Botanische Nacht am 17. Juli 2010"},"content":{"rendered":"<p><img decoding=\"async\" src=\"https:\/\/www.bgbm.org\/bgbm\/img\/main\/bgbm_logo.jpg\" align=\"right\">F\u00fcr eine Sommernacht \u00f6ffnen der Botanische Garten und das Botanische Museum von Berlin-Dahlem ihre Pforten f\u00fcr ein einmaliges Erlebnis. Im Glanz der Lichter k\u00f6nnen Sie sich verf\u00fchren lassen zu einer romantischen Reise auf botanischen Pfaden rund um den Globus.<\/p>\n<p>Auch die <strong>Bibliothek der ZE Botanischer Garten und Botanisches Museum Berlin-Dahlem<\/strong> nimmt an der <a href=\"https:\/\/www.botanische-nacht.de\/start.html\">Botanischen Nacht<\/a> teil und wird einige bibliophile Kostbarkeiten zeigen und auch vorsichtiges Bl\u00e4ttern in den B\u00fcchern zulassen.<\/p>\n<p>Gezeigt werden 3 alte Kr\u00e4uterb\u00fccher, Literatur von Adelbert von Chamisso und ein Band aus dem Reisewerk von Alexander von Humboldt.<\/p>\n<h6>[Dank f\u00fcr dieses Posting an Karin Ohme aus der Bibliothek des BGBM]<\/h6>\n","protected":false},"excerpt":{"rendered":"<p>F\u00fcr eine Sommernacht \u00f6ffnen der Botanische Garten und das Botanische Museum von Berlin-Dahlem ihre Pforten f\u00fcr ein einmaliges Erlebnis. Im Glanz der Lichter k\u00f6nnen Sie sich verf\u00fchren lassen zu einer romantischen Reise auf botanischen Pfaden rund um den Globus. Auch die Bibliothek der ZE Botanischer Garten und Botanisches Museum Berlin-Dahlem nimmt an der Botanischen Nacht &hellip; <a href=\"https:\/\/blogs.fu-berlin.de\/bibliotheken\/2010\/07\/13\/botanische-nacht-am-17-juli-2010\/\" class=\"more-link\"><span class=\"screen-reader-text\">\u201eBotanische Nacht am 17. Juli 2010\u201c<\/span> weiterlesen<\/a><\/p>\n","protected":false},"author":265,"featured_media":0,"comment_status":"open","ping_status":"open","sticky":false,"template":"","format":"standard","meta":{"footnotes":""},"categories":[600,70],"tags":[638,1904,636,1905],"class_list":["post-5824","post","type-post","status-publish","format-standard","hentry","category-fachbibliotheken","category-veranstaltungen","tag-bgbm","tag-botanische-nacht","tag-botanischer-garten","tag-sommerfest"],"_links":{"self":[{"href":"https:\/\/blogs.fu-berlin.de\/bibliotheken\/wp-json\/wp\/v2\/posts\/5824","targetHints":{"allow":["GET"]}}],"collection":[{"href":"https:\/\/blogs.fu-berlin.de\/bibliotheken\/wp-json\/wp\/v2\/posts"}],"about":[{"href":"https:\/\/blogs.fu-berlin.de\/bibliotheken\/wp-json\/wp\/v2\/types\/post"}],"author":[{"embeddable":true,"href":"https:\/\/blogs.fu-berlin.de\/bibliotheken\/wp-json\/wp\/v2\/users\/265"}],"replies":[{"embeddable":true,"href":"https:\/\/blogs.fu-berlin.de\/bibliotheken\/wp-json\/wp\/v2\/comments?post=5824"}],"version-history":[{"count":6,"href":"https:\/\/blogs.fu-berlin.de\/bibliotheken\/wp-json\/wp\/v2\/posts\/5824\/revisions"}],"predecessor-version":[{"id":5830,"href":"https:\/\/blogs.fu-berlin.de\/bibliotheken\/wp-json\/wp\/v2\/posts\/5824\/revisions\/5830"}],"wp:attachment":[{"href":"https:\/\/blogs.fu-berlin.de\/bibliotheken\/wp-json\/wp\/v2\/media?parent=5824"}],"wp:term":[{"taxonomy":"category","embeddable":true,"href":"https:\/\/blogs.fu-berlin.de\/bibliotheken\/wp-json\/wp\/v2\/categories?post=5824"},{"taxonomy":"post_tag","embeddable":true,"href":"https:\/\/blogs.fu-berlin.de\/bibliotheken\/wp-json\/wp\/v2\/tags?post=5824"}],"curies":[{"name":"wp","href":"https:\/\/api.w.org\/{rel}","templated":true}]}}