{"id":5904,"date":"2010-07-22T10:01:50","date_gmt":"2010-07-22T09:01:50","guid":{"rendered":"https:\/\/blogs.fu-berlin.de\/bibliotheken\/?p=5904"},"modified":"2010-07-22T10:01:50","modified_gmt":"2010-07-22T09:01:50","slug":"schulungsprogramm-der-ub-fur-das-ws-201011-ist-online","status":"publish","type":"post","link":"https:\/\/blogs.fu-berlin.de\/bibliotheken\/2010\/07\/22\/schulungsprogramm-der-ub-fur-das-ws-201011-ist-online\/","title":{"rendered":"Schulungsprogramm der UB f\u00fcr das WS 2010\/11 ist online"},"content":{"rendered":"<p>Was sind sinnvolle Startpunkte f\u00fcr die Suche Literatur? Wie funktioniert das neue Rechercheportal, das ab Oktober 2010 online gehen wird? Wie sucht man effizient in Datenbanken? Wie funktioniert die Fernleihe? Was muss beim Zitieren beachtet werden? Was k\u00f6nnnen Literaturverwaltungsprogramme leisten?<\/p>\n<p>Antworten auf diese und weitere Fragestellungen geben die <a href=\"https:\/\/www.ub.fu-berlin.de\/service_neu\/einfuehrung\/\">Einf\u00fchrungsveranstaltungen der UB<\/a>, die von den MitarbeiterInnen des Informationszentrums durchgef\u00fchrt werden.<\/p>\n<p>F\u00fcr die Veranstaltungen kann sich jede\/r Bibliotheksnutzer\/in im <a href=\"https:\/\/www.ub.fu-berlin.de\/bibliothek\/iz\/\">Informationszentrum<\/a> anmelden. F\u00fcr einige fachbezogene Kurse gibt es bereits seit dem Wintersemester 2009\/2010 das Konzept von individuellen Coachings: es k\u00f6nnen Termine mit den DozentInnen abgesprochen werden, nach M\u00f6glichkeit f\u00fcr Kleingruppen; aber auch Einzeltraining kann \u2013 je nach Kapazit\u00e4t des Informationszentrums \u2013 vereinbart werden.<br \/>\nEs k\u00f6nnen nat\u00fcrlich auch Sondertermine f\u00fcr gr\u00f6ssere Gruppen, Schulkassen, Seminare etc. verabredet werden.  <\/p>\n<p>\u00dcbrigens, FU-Studierende k\u00f6nnen sich \u201cInformationskompetenz\u201d auch im Rahmen des Bachelorstudiums erwerben: als Modul D f\u00fcr die Allgemeine Berufsvorbereitung (ABV).<br \/>\nInfos im <a href=\"https:\/\/www.zedat.fu-berlin.de\/pub\/ZEDAT\/Schulung\/ABV-Module\/ABV-IT-Programm.pdf\">Programmheft f\u00fcr alle 5 Module<\/a> (pdf-Datei).<\/p>\n","protected":false},"excerpt":{"rendered":"<p>Was sind sinnvolle Startpunkte f\u00fcr die Suche Literatur? Wie funktioniert das neue Rechercheportal, das ab Oktober 2010 online gehen wird? Wie sucht man effizient in Datenbanken? Wie funktioniert die Fernleihe? Was muss beim Zitieren beachtet werden? Was k\u00f6nnnen Literaturverwaltungsprogramme leisten? Antworten auf diese und weitere Fragestellungen geben die Einf\u00fchrungsveranstaltungen der UB, die von den MitarbeiterInnen &hellip; <a href=\"https:\/\/blogs.fu-berlin.de\/bibliotheken\/2010\/07\/22\/schulungsprogramm-der-ub-fur-das-ws-201011-ist-online\/\" class=\"more-link\"><span class=\"screen-reader-text\">\u201eSchulungsprogramm der UB f\u00fcr das WS 2010\/11 ist online\u201c<\/span> weiterlesen<\/a><\/p>\n","protected":false},"author":265,"featured_media":0,"comment_status":"open","ping_status":"open","sticky":false,"template":"","format":"standard","meta":{"footnotes":""},"categories":[491,601],"tags":[191242,1915,940],"class_list":["post-5904","post","type-post","status-publish","format-standard","hentry","category-lernangebote-kurse","category-universitatsbibliothek","tag-informations-kompetenz","tag-kurse","tag-kursprogramm"],"_links":{"self":[{"href":"https:\/\/blogs.fu-berlin.de\/bibliotheken\/wp-json\/wp\/v2\/posts\/5904","targetHints":{"allow":["GET"]}}],"collection":[{"href":"https:\/\/blogs.fu-berlin.de\/bibliotheken\/wp-json\/wp\/v2\/posts"}],"about":[{"href":"https:\/\/blogs.fu-berlin.de\/bibliotheken\/wp-json\/wp\/v2\/types\/post"}],"author":[{"embeddable":true,"href":"https:\/\/blogs.fu-berlin.de\/bibliotheken\/wp-json\/wp\/v2\/users\/265"}],"replies":[{"embeddable":true,"href":"https:\/\/blogs.fu-berlin.de\/bibliotheken\/wp-json\/wp\/v2\/comments?post=5904"}],"version-history":[{"count":6,"href":"https:\/\/blogs.fu-berlin.de\/bibliotheken\/wp-json\/wp\/v2\/posts\/5904\/revisions"}],"predecessor-version":[{"id":5910,"href":"https:\/\/blogs.fu-berlin.de\/bibliotheken\/wp-json\/wp\/v2\/posts\/5904\/revisions\/5910"}],"wp:attachment":[{"href":"https:\/\/blogs.fu-berlin.de\/bibliotheken\/wp-json\/wp\/v2\/media?parent=5904"}],"wp:term":[{"taxonomy":"category","embeddable":true,"href":"https:\/\/blogs.fu-berlin.de\/bibliotheken\/wp-json\/wp\/v2\/categories?post=5904"},{"taxonomy":"post_tag","embeddable":true,"href":"https:\/\/blogs.fu-berlin.de\/bibliotheken\/wp-json\/wp\/v2\/tags?post=5904"}],"curies":[{"name":"wp","href":"https:\/\/api.w.org\/{rel}","templated":true}]}}