{"id":5969,"date":"2010-07-30T15:51:09","date_gmt":"2010-07-30T14:51:09","guid":{"rendered":"https:\/\/blogs.fu-berlin.de\/bibliotheken\/?p=5969"},"modified":"2010-08-06T14:51:36","modified_gmt":"2010-08-06T13:51:36","slug":"erntezeit-fotoausstellung-im-foyer-der-ub","status":"publish","type":"post","link":"https:\/\/blogs.fu-berlin.de\/bibliotheken\/2010\/07\/30\/erntezeit-fotoausstellung-im-foyer-der-ub\/","title":{"rendered":"Erntezeit: Fotoausstellung im Foyer der UB"},"content":{"rendered":"<p>Am 4. August um 17 Uhr wird die <a href=\"https:\/\/www.ub.fu-berlin.de\/service_neu\/ausstellung\/\">Fotoausstellung \u201eErntezeit &#8211; Kinderzwangsarbeit auf den Baumwollfeldern Usbekistans\u201c<\/a> im Foyer der Universit\u00e4tsbibliothek der Freien Universit\u00e4t er\u00f6ffnet. <\/p>\n<p>Sie zeigt Arbeiten des Berliner Fotografen Thomas Grabka und ist in Zusammenarbeit mit dem <a href=\"https:\/\/www.uzbekgermanforum.org\/\">Usbekisch-Deutschen Forum f\u00fcr Menschenrechte (UGF)<\/a> entstanden. <\/p>\n<p>Die Ausstellung wird bis zum 17. September 2010 zu sehen sein. Zur Vernissage am kommenden Mittwoch wird der Dokumentarfilm \u201eSlaves of White Gold\u201c \u2013 \u201eSklaven des Wei\u00dfen Goldes\u201c \u2013 gezeigt.<\/p>\n<p><em>Interessierte sind herzlich eingeladen!<\/em><\/p>\n<p>Usbekistan ist einer der weltweit gr\u00f6\u00dften Exportstaaten f\u00fcr Baumwolle. Neunzig Prozent der usbekischen Baumwolle werden noch immer von Hand gepfl\u00fcckt. F\u00fcr die beschwerliche Arbeit w\u00e4hrend der Erntezeit rekrutiert die Regierung der zentralasiatischen Republik besonders Kinder und Jugendliche im Alter von 7 bis 15 Jahren. <\/p>\n<p>Die Ausstellung an der Freien Universit\u00e4t Berlin beleuchtet Hintergr\u00fcnde und Ursachen der Kinderzwangsarbeit in dem zentralasiatischen Staat, stellt internationale Bem\u00fchungen sowie aktuelle Entwicklungen dar und zeigt Handlungsspielr\u00e4ume wie auch m\u00f6gliche Alternativen auf.<\/p>\n","protected":false},"excerpt":{"rendered":"<p>Am 4. August um 17 Uhr wird die Fotoausstellung \u201eErntezeit &#8211; Kinderzwangsarbeit auf den Baumwollfeldern Usbekistans\u201c im Foyer der Universit\u00e4tsbibliothek der Freien Universit\u00e4t er\u00f6ffnet. Sie zeigt Arbeiten des Berliner Fotografen Thomas Grabka und ist in Zusammenarbeit mit dem Usbekisch-Deutschen Forum f\u00fcr Menschenrechte (UGF) entstanden. Die Ausstellung wird bis zum 17. September 2010 zu sehen sein. &hellip; <a href=\"https:\/\/blogs.fu-berlin.de\/bibliotheken\/2010\/07\/30\/erntezeit-fotoausstellung-im-foyer-der-ub\/\" class=\"more-link\"><span class=\"screen-reader-text\">\u201eErntezeit: Fotoausstellung im Foyer der UB\u201c<\/span> weiterlesen<\/a><\/p>\n","protected":false},"author":265,"featured_media":0,"comment_status":"open","ping_status":"open","sticky":false,"template":"","format":"standard","meta":{"footnotes":""},"categories":[601,70],"tags":[581,1927,1926],"class_list":["post-5969","post","type-post","status-publish","format-standard","hentry","category-universitatsbibliothek","category-veranstaltungen","tag-ausstellung","tag-kinderarbeit","tag-usbekistan"],"_links":{"self":[{"href":"https:\/\/blogs.fu-berlin.de\/bibliotheken\/wp-json\/wp\/v2\/posts\/5969","targetHints":{"allow":["GET"]}}],"collection":[{"href":"https:\/\/blogs.fu-berlin.de\/bibliotheken\/wp-json\/wp\/v2\/posts"}],"about":[{"href":"https:\/\/blogs.fu-berlin.de\/bibliotheken\/wp-json\/wp\/v2\/types\/post"}],"author":[{"embeddable":true,"href":"https:\/\/blogs.fu-berlin.de\/bibliotheken\/wp-json\/wp\/v2\/users\/265"}],"replies":[{"embeddable":true,"href":"https:\/\/blogs.fu-berlin.de\/bibliotheken\/wp-json\/wp\/v2\/comments?post=5969"}],"version-history":[{"count":8,"href":"https:\/\/blogs.fu-berlin.de\/bibliotheken\/wp-json\/wp\/v2\/posts\/5969\/revisions"}],"predecessor-version":[{"id":6022,"href":"https:\/\/blogs.fu-berlin.de\/bibliotheken\/wp-json\/wp\/v2\/posts\/5969\/revisions\/6022"}],"wp:attachment":[{"href":"https:\/\/blogs.fu-berlin.de\/bibliotheken\/wp-json\/wp\/v2\/media?parent=5969"}],"wp:term":[{"taxonomy":"category","embeddable":true,"href":"https:\/\/blogs.fu-berlin.de\/bibliotheken\/wp-json\/wp\/v2\/categories?post=5969"},{"taxonomy":"post_tag","embeddable":true,"href":"https:\/\/blogs.fu-berlin.de\/bibliotheken\/wp-json\/wp\/v2\/tags?post=5969"}],"curies":[{"name":"wp","href":"https:\/\/api.w.org\/{rel}","templated":true}]}}