{"id":5995,"date":"2010-08-02T18:42:22","date_gmt":"2010-08-02T17:42:22","guid":{"rendered":"https:\/\/blogs.fu-berlin.de\/bibliotheken\/?p=5995"},"modified":"2010-08-10T10:58:11","modified_gmt":"2010-08-10T09:58:11","slug":"sozialwissenschaftliche-bibliothek-wird-renoviert","status":"publish","type":"post","link":"https:\/\/blogs.fu-berlin.de\/bibliotheken\/2010\/08\/02\/sozialwissenschaftliche-bibliothek-wird-renoviert\/","title":{"rendered":"Sozialwissenschaftliche Bibliothek wird renoviert"},"content":{"rendered":"<p>Der Leihstellenbereich der Sozialwissenschaftlichen Bibliothek &amp; Bibliothek des Osteuropa-Instituts in der Garystr. 55 wird renoviert. Deshalb schlie\u00dft dieser Bereich vom 2. bis zum 6. August sowie voraussichtlich vom 4. bis zum 8. Oktober zum Leer- bzw. Zur\u00fcckr\u00e4umen. In dieser Zeit sind keine Ausleihen m\u00f6glich! R\u00fcckgaben nimmt der Lesesaal in der Ihnestr. 21 entgegen.<\/p>\n<p>In der Zeit vom 9. August bis zum 1. Oktober wird die Leihstelle provisorisch im Untergescho\u00df des Offenen Magazins zug\u00e4nglich sein. Dort finden Sie dann auch den Freihandbestand und die Lehrbuchsammlung. Es gibt nur eingeschr\u00e4nkte Kopierm\u00f6glichkeiten. Der Zugang befindet sich auf der R\u00fcckseite des Geb\u00e4udes Garystr. 55 (zwischen Ihnestr. 21 und Garystr. 55).<\/p>\n<p>Das Obergescho\u00df des Offenen Magazins (Osteuropa) wird in dieser Zeit nicht zug\u00e4nglich sein. Vom 9. August bis zum 1. Oktober k\u00f6nnen die Best\u00e4nde aus dem Offenen Magazin (Osteuropa) aber vor Ort bestellt und ggf. ausgeliehen werden. Die aktuellen Zeitschriftenhefte und die letzten 10 Jahrg\u00e4nge der laufenden Osteuropazeitschriften finden Sie im Zeitschriftenlesesaal in der Ihnestr.21. Die Osteuropa-Handapparate sind im Lesesaal in der Ihnestr. 21 aufgestellt.<\/p>\n","protected":false},"excerpt":{"rendered":"<p>Der Leihstellenbereich der Sozialwissenschaftlichen Bibliothek &amp; Bibliothek des Osteuropa-Instituts in der Garystr. 55 wird renoviert. Deshalb schlie\u00dft dieser Bereich vom 2. bis zum 6. August sowie voraussichtlich vom 4. bis zum 8. Oktober zum Leer- bzw. Zur\u00fcckr\u00e4umen. In dieser Zeit sind keine Ausleihen m\u00f6glich! R\u00fcckgaben nimmt der Lesesaal in der Ihnestr. 21 entgegen. In der &hellip; <a href=\"https:\/\/blogs.fu-berlin.de\/bibliotheken\/2010\/08\/02\/sozialwissenschaftliche-bibliothek-wird-renoviert\/\" class=\"more-link\"><span class=\"screen-reader-text\">\u201eSozialwissenschaftliche Bibliothek wird renoviert\u201c<\/span> weiterlesen<\/a><\/p>\n","protected":false},"author":303,"featured_media":0,"comment_status":"open","ping_status":"open","sticky":false,"template":"","format":"standard","meta":{"footnotes":""},"categories":[600],"tags":[1946,1945,1944,1943,577],"class_list":["post-5995","post","type-post","status-publish","format-standard","hentry","category-fachbibliotheken","tag-ausleihe","tag-benutzung","tag-leihstelle","tag-renovierung","tag-sozialwissenschaftliche-bibliothek"],"_links":{"self":[{"href":"https:\/\/blogs.fu-berlin.de\/bibliotheken\/wp-json\/wp\/v2\/posts\/5995","targetHints":{"allow":["GET"]}}],"collection":[{"href":"https:\/\/blogs.fu-berlin.de\/bibliotheken\/wp-json\/wp\/v2\/posts"}],"about":[{"href":"https:\/\/blogs.fu-berlin.de\/bibliotheken\/wp-json\/wp\/v2\/types\/post"}],"author":[{"embeddable":true,"href":"https:\/\/blogs.fu-berlin.de\/bibliotheken\/wp-json\/wp\/v2\/users\/303"}],"replies":[{"embeddable":true,"href":"https:\/\/blogs.fu-berlin.de\/bibliotheken\/wp-json\/wp\/v2\/comments?post=5995"}],"version-history":[{"count":5,"href":"https:\/\/blogs.fu-berlin.de\/bibliotheken\/wp-json\/wp\/v2\/posts\/5995\/revisions"}],"predecessor-version":[{"id":5997,"href":"https:\/\/blogs.fu-berlin.de\/bibliotheken\/wp-json\/wp\/v2\/posts\/5995\/revisions\/5997"}],"wp:attachment":[{"href":"https:\/\/blogs.fu-berlin.de\/bibliotheken\/wp-json\/wp\/v2\/media?parent=5995"}],"wp:term":[{"taxonomy":"category","embeddable":true,"href":"https:\/\/blogs.fu-berlin.de\/bibliotheken\/wp-json\/wp\/v2\/categories?post=5995"},{"taxonomy":"post_tag","embeddable":true,"href":"https:\/\/blogs.fu-berlin.de\/bibliotheken\/wp-json\/wp\/v2\/tags?post=5995"}],"curies":[{"name":"wp","href":"https:\/\/api.w.org\/{rel}","templated":true}]}}