{"id":6000,"date":"2010-08-04T15:59:33","date_gmt":"2010-08-04T14:59:33","guid":{"rendered":"https:\/\/blogs.fu-berlin.de\/bibliotheken\/?p=6000"},"modified":"2010-08-04T15:59:33","modified_gmt":"2010-08-04T14:59:33","slug":"link-des-monats-august-2010-los-superdemokraticos","status":"publish","type":"post","link":"https:\/\/blogs.fu-berlin.de\/bibliotheken\/2010\/08\/04\/link-des-monats-august-2010-los-superdemokraticos\/","title":{"rendered":"Link des Monats August 2010: Los Superdemokraticos"},"content":{"rendered":"<p><img decoding=\"async\" src=\"https:\/\/blogs.fu-berlin.de\/bibliotheken\/files\/2010\/08\/super.jpg\" alt=\"\" align=\"right\" \/>\u201eWir machen eine Revolution von der K\u00fcche und von Wohnzimmer aus, wie unsere Gro\u00dfm\u00fctter\u201c \u2013 die Initiatoren von &#8222;Los Superdemokraticos&#8220; geben sich selbstbewusst. Seit Mitte Juni 2010 wird das zweisprachige literarische Blog betrieben, unser <a href=\"https:\/\/www.ub.fu-berlin.de\/service_neu\/linktipp\/1008.html\">Link des Monats August<\/a>. Bis Oktober gehen deutsche und lateinamerikanische Autorinnen und Autoren ihren Gedanken nach und reflektieren ihr Leben in Argentinien, Bolivien, Brasilien, Deutschland, Guatemala, Israel, Kuba, Mexiko, Peru, Uruguay, USA und Venezuela.<\/p>\n","protected":false},"excerpt":{"rendered":"<p>\u201eWir machen eine Revolution von der K\u00fcche und von Wohnzimmer aus, wie unsere Gro\u00dfm\u00fctter\u201c \u2013 die Initiatoren von &#8222;Los Superdemokraticos&#8220; geben sich selbstbewusst. Seit Mitte Juni 2010 wird das zweisprachige literarische Blog betrieben, unser Link des Monats August. Bis Oktober gehen deutsche und lateinamerikanische Autorinnen und Autoren ihren Gedanken nach und reflektieren ihr Leben in &hellip; <a href=\"https:\/\/blogs.fu-berlin.de\/bibliotheken\/2010\/08\/04\/link-des-monats-august-2010-los-superdemokraticos\/\" class=\"more-link\"><span class=\"screen-reader-text\">\u201eLink des Monats August 2010: Los Superdemokraticos\u201c<\/span> weiterlesen<\/a><\/p>\n","protected":false},"author":293,"featured_media":0,"comment_status":"open","ping_status":"open","sticky":false,"template":"","format":"standard","meta":{"footnotes":""},"categories":[604],"tags":[236,1931,537],"class_list":["post-6000","post","type-post","status-publish","format-standard","hentry","category-ins-netz-geschaut","tag-blog","tag-lateinamerika","tag-link-des-monats"],"_links":{"self":[{"href":"https:\/\/blogs.fu-berlin.de\/bibliotheken\/wp-json\/wp\/v2\/posts\/6000","targetHints":{"allow":["GET"]}}],"collection":[{"href":"https:\/\/blogs.fu-berlin.de\/bibliotheken\/wp-json\/wp\/v2\/posts"}],"about":[{"href":"https:\/\/blogs.fu-berlin.de\/bibliotheken\/wp-json\/wp\/v2\/types\/post"}],"author":[{"embeddable":true,"href":"https:\/\/blogs.fu-berlin.de\/bibliotheken\/wp-json\/wp\/v2\/users\/293"}],"replies":[{"embeddable":true,"href":"https:\/\/blogs.fu-berlin.de\/bibliotheken\/wp-json\/wp\/v2\/comments?post=6000"}],"version-history":[{"count":7,"href":"https:\/\/blogs.fu-berlin.de\/bibliotheken\/wp-json\/wp\/v2\/posts\/6000\/revisions"}],"predecessor-version":[{"id":6021,"href":"https:\/\/blogs.fu-berlin.de\/bibliotheken\/wp-json\/wp\/v2\/posts\/6000\/revisions\/6021"}],"wp:attachment":[{"href":"https:\/\/blogs.fu-berlin.de\/bibliotheken\/wp-json\/wp\/v2\/media?parent=6000"}],"wp:term":[{"taxonomy":"category","embeddable":true,"href":"https:\/\/blogs.fu-berlin.de\/bibliotheken\/wp-json\/wp\/v2\/categories?post=6000"},{"taxonomy":"post_tag","embeddable":true,"href":"https:\/\/blogs.fu-berlin.de\/bibliotheken\/wp-json\/wp\/v2\/tags?post=6000"}],"curies":[{"name":"wp","href":"https:\/\/api.w.org\/{rel}","templated":true}]}}