{"id":6008,"date":"2010-08-05T09:42:00","date_gmt":"2010-08-05T08:42:00","guid":{"rendered":"https:\/\/blogs.fu-berlin.de\/bibliotheken\/?p=6008"},"modified":"2010-08-20T13:54:14","modified_gmt":"2010-08-20T12:54:14","slug":"sozialwissenschaftliche-bibliothek-provisorische-leihstelle-geoffnet","status":"publish","type":"post","link":"https:\/\/blogs.fu-berlin.de\/bibliotheken\/2010\/08\/05\/sozialwissenschaftliche-bibliothek-provisorische-leihstelle-geoffnet\/","title":{"rendered":"Sozialwissenschaftliche Bibliothek: Provisorische Leihstelle ge\u00f6ffnet"},"content":{"rendered":"<p>Schneller als vorgesehen konnte die provisorische Leihstelle der Sozialwissenschaftlichen Bibliothek &amp; Bibliothek des Osteuropa-Instituts in Betrieb genommen werden. Sie ist vom 5. August an ge\u00f6ffnet und befindet sich im Untergescho\u00df des Offenen Magazins in der Garystr. 55. Der Zugang erfolgt \u00fcber den Innenhof in der Garystr. 55 oder auf der R\u00fcckseite des Geb\u00e4udes (zwischen Garystr. 55 und Ihnestr. 21). Jacken und Taschen k\u00f6nnen in den Schlie\u00dff\u00e4chern im Foyer in der Garystr. 55 und im Vorraum zum Lesesaal in der Ihnestr. 21 eingeschlossen werden.<\/p>\n<p><!--more--><br \/>\nIm Untergescho\u00df des Offenen Magazins finden Sie auch den Freihandbestand und die Lehrbuchsammlung. Es gibt nur eingeschr\u00e4nkte Kopierm\u00f6glichkeiten und keine Arbeitpl\u00e4tze. Bitte nutzen Sie zum Arbeiten den Stillen Lesesaal in der Ihnestr. 21.<\/p>\n<p>Das Obergescho\u00df des Offenen Magazins (Osteuropa) ist nicht zug\u00e4nglich. Die Best\u00e4nde aus dem Offenen Magazin (Osteuropa) k\u00f6nnen aber \u00fcber die provisorische Leihstelle bestellt und ggf. ausgeliehen werden. Die aktuellen Zeitschriftenhefte und die letzten 10 Jahrg\u00e4nge der laufenden Osteuropazeitschriften stehen in K\u00fcrze im Zeitschriftenlesesaal in der Ihnestr. 21 zur Verf\u00fcgung. Die Osteuropa-Handapparate sind im Lesesaal in der Ihnestr. 21 aufgestellt.<\/p>\n<p>Nach der Renovierung des Leihstellenbereichs wird die Leihstelle erneut, voraussichtlich vom 4. bis zum 8. Oktober, zum Zur\u00fcckr\u00e4umen geschlossen. In dieser Zeit sind keine Ausleihen m\u00f6glich! R\u00fcckgaben nimmt dann der Lesesaal in der Ihnestr. 21 entgegen.<\/p>\n","protected":false},"excerpt":{"rendered":"<p>Schneller als vorgesehen konnte die provisorische Leihstelle der Sozialwissenschaftlichen Bibliothek &amp; Bibliothek des Osteuropa-Instituts in Betrieb genommen werden. Sie ist vom 5. August an ge\u00f6ffnet und befindet sich im Untergescho\u00df des Offenen Magazins in der Garystr. 55. Der Zugang erfolgt \u00fcber den Innenhof in der Garystr. 55 oder auf der R\u00fcckseite des Geb\u00e4udes (zwischen Garystr. &hellip; <a href=\"https:\/\/blogs.fu-berlin.de\/bibliotheken\/2010\/08\/05\/sozialwissenschaftliche-bibliothek-provisorische-leihstelle-geoffnet\/\" class=\"more-link\"><span class=\"screen-reader-text\">\u201eSozialwissenschaftliche Bibliothek: Provisorische Leihstelle ge\u00f6ffnet\u201c<\/span> weiterlesen<\/a><\/p>\n","protected":false},"author":303,"featured_media":0,"comment_status":"open","ping_status":"open","sticky":false,"template":"","format":"standard","meta":{"footnotes":""},"categories":[600],"tags":[1944,1943,577],"class_list":["post-6008","post","type-post","status-publish","format-standard","hentry","category-fachbibliotheken","tag-leihstelle","tag-renovierung","tag-sozialwissenschaftliche-bibliothek"],"_links":{"self":[{"href":"https:\/\/blogs.fu-berlin.de\/bibliotheken\/wp-json\/wp\/v2\/posts\/6008","targetHints":{"allow":["GET"]}}],"collection":[{"href":"https:\/\/blogs.fu-berlin.de\/bibliotheken\/wp-json\/wp\/v2\/posts"}],"about":[{"href":"https:\/\/blogs.fu-berlin.de\/bibliotheken\/wp-json\/wp\/v2\/types\/post"}],"author":[{"embeddable":true,"href":"https:\/\/blogs.fu-berlin.de\/bibliotheken\/wp-json\/wp\/v2\/users\/303"}],"replies":[{"embeddable":true,"href":"https:\/\/blogs.fu-berlin.de\/bibliotheken\/wp-json\/wp\/v2\/comments?post=6008"}],"version-history":[{"count":6,"href":"https:\/\/blogs.fu-berlin.de\/bibliotheken\/wp-json\/wp\/v2\/posts\/6008\/revisions"}],"predecessor-version":[{"id":6069,"href":"https:\/\/blogs.fu-berlin.de\/bibliotheken\/wp-json\/wp\/v2\/posts\/6008\/revisions\/6069"}],"wp:attachment":[{"href":"https:\/\/blogs.fu-berlin.de\/bibliotheken\/wp-json\/wp\/v2\/media?parent=6008"}],"wp:term":[{"taxonomy":"category","embeddable":true,"href":"https:\/\/blogs.fu-berlin.de\/bibliotheken\/wp-json\/wp\/v2\/categories?post=6008"},{"taxonomy":"post_tag","embeddable":true,"href":"https:\/\/blogs.fu-berlin.de\/bibliotheken\/wp-json\/wp\/v2\/tags?post=6008"}],"curies":[{"name":"wp","href":"https:\/\/api.w.org\/{rel}","templated":true}]}}