{"id":6012,"date":"2010-08-06T10:00:02","date_gmt":"2010-08-06T09:00:02","guid":{"rendered":"https:\/\/blogs.fu-berlin.de\/bibliotheken\/?p=6012"},"modified":"2010-08-06T10:00:02","modified_gmt":"2010-08-06T09:00:02","slug":"visionen-vom-weltende-%e2%80%93-zum-zugreifen-nah-ausstellungskatalog-wieder-da","status":"publish","type":"post","link":"https:\/\/blogs.fu-berlin.de\/bibliotheken\/2010\/08\/06\/visionen-vom-weltende-%e2%80%93-zum-zugreifen-nah-ausstellungskatalog-wieder-da\/","title":{"rendered":"Visionen vom Weltende \u2013 Zum Zugreifen nah &#8211; Ausstellungskatalog wieder da!"},"content":{"rendered":"<p>Ende Juli endete in der UB die Ausstellung \u201eVisionen vom Weltende\u201c. In ihr wurden 28 Faksimiles kostbarer mittelalterlicher Handschriften und Inkunabeln aus der Sammlung Detlef. M. Noack gezeigt. Studierende des KHI der FU und Mitglieder der &#8222;AG Spanische und iberoamerikanische Kunstgeschichte&#8220; hatten im Rahmen eines FU-Seminars die Ausstellung und den ausf\u00fchrlichen, begleitenden Katalog erarbeitet. Herausragende Beispiele der Apokalypseillustration von karolingischen, \u00fcber altspanische, anglo-normannische, und sp\u00e4tmittelalterliche Handschriften bis zum Beginn des Buchdrucks im 15. Jahrhundert veranschaulichten den schwer zug\u00e4nglichen Text durch eine breite Darstellungsvielfalt.<br \/>\nDie Pr\u00e4sentation fand beim Publikum gro\u00dfen Anklang. So erlebte auch der dazugeh\u00f6rende Ausstellungskatalog eine derart rege Nachfrage, dass wir zun\u00e4chst nicht alle W\u00fcnsche erf\u00fcllen konnten.<br \/>\nJetzt ist das begehrte St\u00fcck wieder in einigen Restexemplaren f\u00fcr 10,- \u20ac in der Leihstelle der UB zu haben.<br \/>\nNach dem Motto, solange der Vorrat re\u00edcht, greifen Sie zu!<\/p>\n","protected":false},"excerpt":{"rendered":"<p>Ende Juli endete in der UB die Ausstellung \u201eVisionen vom Weltende\u201c. In ihr wurden 28 Faksimiles kostbarer mittelalterlicher Handschriften und Inkunabeln aus der Sammlung Detlef. M. Noack gezeigt. Studierende des KHI der FU und Mitglieder der &#8222;AG Spanische und iberoamerikanische Kunstgeschichte&#8220; hatten im Rahmen eines FU-Seminars die Ausstellung und den ausf\u00fchrlichen, begleitenden Katalog erarbeitet. Herausragende &hellip; <a href=\"https:\/\/blogs.fu-berlin.de\/bibliotheken\/2010\/08\/06\/visionen-vom-weltende-%e2%80%93-zum-zugreifen-nah-ausstellungskatalog-wieder-da\/\" class=\"more-link\"><span class=\"screen-reader-text\">\u201eVisionen vom Weltende \u2013 Zum Zugreifen nah &#8211; Ausstellungskatalog wieder da!\u201c<\/span> weiterlesen<\/a><\/p>\n","protected":false},"author":281,"featured_media":0,"comment_status":"open","ping_status":"open","sticky":false,"template":"","format":"standard","meta":{"footnotes":""},"categories":[9],"tags":[581],"class_list":["post-6012","post","type-post","status-publish","format-standard","hentry","category-allgemein","tag-ausstellung"],"_links":{"self":[{"href":"https:\/\/blogs.fu-berlin.de\/bibliotheken\/wp-json\/wp\/v2\/posts\/6012","targetHints":{"allow":["GET"]}}],"collection":[{"href":"https:\/\/blogs.fu-berlin.de\/bibliotheken\/wp-json\/wp\/v2\/posts"}],"about":[{"href":"https:\/\/blogs.fu-berlin.de\/bibliotheken\/wp-json\/wp\/v2\/types\/post"}],"author":[{"embeddable":true,"href":"https:\/\/blogs.fu-berlin.de\/bibliotheken\/wp-json\/wp\/v2\/users\/281"}],"replies":[{"embeddable":true,"href":"https:\/\/blogs.fu-berlin.de\/bibliotheken\/wp-json\/wp\/v2\/comments?post=6012"}],"version-history":[{"count":2,"href":"https:\/\/blogs.fu-berlin.de\/bibliotheken\/wp-json\/wp\/v2\/posts\/6012\/revisions"}],"predecessor-version":[{"id":6014,"href":"https:\/\/blogs.fu-berlin.de\/bibliotheken\/wp-json\/wp\/v2\/posts\/6012\/revisions\/6014"}],"wp:attachment":[{"href":"https:\/\/blogs.fu-berlin.de\/bibliotheken\/wp-json\/wp\/v2\/media?parent=6012"}],"wp:term":[{"taxonomy":"category","embeddable":true,"href":"https:\/\/blogs.fu-berlin.de\/bibliotheken\/wp-json\/wp\/v2\/categories?post=6012"},{"taxonomy":"post_tag","embeddable":true,"href":"https:\/\/blogs.fu-berlin.de\/bibliotheken\/wp-json\/wp\/v2\/tags?post=6012"}],"curies":[{"name":"wp","href":"https:\/\/api.w.org\/{rel}","templated":true}]}}