{"id":6045,"date":"2010-08-16T09:10:40","date_gmt":"2010-08-16T08:10:40","guid":{"rendered":"https:\/\/blogs.fu-berlin.de\/bibliotheken\/?p=6045"},"modified":"2010-08-20T13:54:35","modified_gmt":"2010-08-20T12:54:35","slug":"sozialwissenschaftliche-bibliothek-provisorische-leihstelle-erst-ab-11-uhr-geoffnet","status":"publish","type":"post","link":"https:\/\/blogs.fu-berlin.de\/bibliotheken\/2010\/08\/16\/sozialwissenschaftliche-bibliothek-provisorische-leihstelle-erst-ab-11-uhr-geoffnet\/","title":{"rendered":"Sozialwissenschaftliche Bibliothek: Provisorische Leihstelle erst ab 11 Uhr ge\u00f6ffnet"},"content":{"rendered":"<p>Wegen der schlechten Arbeitsbedingungen im Untergescho\u00df des Offenen Magazins in der Garystr. 55 \u00f6ffnet die provisorische Leihstelle der Sozialwissenschaftlichen Bibliothek &amp; Bibliothek des Osteuropa-Instituts vor\u00fcbergehend nur von 11 bis 19 Uhr. Von 9 bis 11 Uhr k\u00f6nnen B\u00fccher im Stillen Lesesaal in der Ihnestr. 21 zur\u00fcckgegeben werden. <\/p>\n","protected":false},"excerpt":{"rendered":"<p>Wegen der schlechten Arbeitsbedingungen im Untergescho\u00df des Offenen Magazins in der Garystr. 55 \u00f6ffnet die provisorische Leihstelle der Sozialwissenschaftlichen Bibliothek &amp; Bibliothek des Osteuropa-Instituts vor\u00fcbergehend nur von 11 bis 19 Uhr. Von 9 bis 11 Uhr k\u00f6nnen B\u00fccher im Stillen Lesesaal in der Ihnestr. 21 zur\u00fcckgegeben werden.<\/p>\n","protected":false},"author":303,"featured_media":0,"comment_status":"open","ping_status":"open","sticky":false,"template":"","format":"standard","meta":{"footnotes":""},"categories":[600],"tags":[1944,641,577],"class_list":["post-6045","post","type-post","status-publish","format-standard","hentry","category-fachbibliotheken","tag-leihstelle","tag-offnungszeiten","tag-sozialwissenschaftliche-bibliothek"],"_links":{"self":[{"href":"https:\/\/blogs.fu-berlin.de\/bibliotheken\/wp-json\/wp\/v2\/posts\/6045","targetHints":{"allow":["GET"]}}],"collection":[{"href":"https:\/\/blogs.fu-berlin.de\/bibliotheken\/wp-json\/wp\/v2\/posts"}],"about":[{"href":"https:\/\/blogs.fu-berlin.de\/bibliotheken\/wp-json\/wp\/v2\/types\/post"}],"author":[{"embeddable":true,"href":"https:\/\/blogs.fu-berlin.de\/bibliotheken\/wp-json\/wp\/v2\/users\/303"}],"replies":[{"embeddable":true,"href":"https:\/\/blogs.fu-berlin.de\/bibliotheken\/wp-json\/wp\/v2\/comments?post=6045"}],"version-history":[{"count":3,"href":"https:\/\/blogs.fu-berlin.de\/bibliotheken\/wp-json\/wp\/v2\/posts\/6045\/revisions"}],"predecessor-version":[{"id":6070,"href":"https:\/\/blogs.fu-berlin.de\/bibliotheken\/wp-json\/wp\/v2\/posts\/6045\/revisions\/6070"}],"wp:attachment":[{"href":"https:\/\/blogs.fu-berlin.de\/bibliotheken\/wp-json\/wp\/v2\/media?parent=6045"}],"wp:term":[{"taxonomy":"category","embeddable":true,"href":"https:\/\/blogs.fu-berlin.de\/bibliotheken\/wp-json\/wp\/v2\/categories?post=6045"},{"taxonomy":"post_tag","embeddable":true,"href":"https:\/\/blogs.fu-berlin.de\/bibliotheken\/wp-json\/wp\/v2\/tags?post=6045"}],"curies":[{"name":"wp","href":"https:\/\/api.w.org\/{rel}","templated":true}]}}