{"id":606,"date":"2009-04-09T16:00:04","date_gmt":"2009-04-09T15:00:04","guid":{"rendered":"https:\/\/blogs.fu-berlin.de\/bibliotheken\/?p=606"},"modified":"2009-04-09T16:00:04","modified_gmt":"2009-04-09T15:00:04","slug":"bucheresel-statt-bucherbus","status":"publish","type":"post","link":"https:\/\/blogs.fu-berlin.de\/bibliotheken\/2009\/04\/09\/bucheresel-statt-bucherbus\/","title":{"rendered":"B\u00fccheresel statt B\u00fccherbus"},"content":{"rendered":"<p>Jeden Sonnabendmorgen sattelt Luis Soriano den Esel und bepackt ihn mit schweren B\u00fccherkisten. Dann macht sich der kolumbianische Lehrer mit seiner mobilen B\u00fccherei auf den Weg in die D\u00f6rfer. Er m\u00f6chte Kindern in Kolumbien, die allt\u00e4glich Gewalt erleben, den Zugang zu B\u00fcchern er\u00f6ffnen, denn &#8222;wenn Schulen keine B\u00fccher haben, dann k\u00f6nnen Kinder keinen Frieden lernen&#8220;.<br \/>\nEin <a href=\"https:\/\/www3.ndr.de\/sendungen\/weltbilder\/videos\/weltb1098.html\">NDR-Beitrag vom 07.04.2009<\/a>, den man sich als Video anschauen kann. Den Hinweis habe ich im <a href=\"https:\/\/log.netbib.de\/archives\/2009\/04\/08\/neues-von-biblioburro\/\">netbib weblog: Neues vom Biblioburro<\/a> gefunden.<br \/>\nAnschauen!<\/p>\n","protected":false},"excerpt":{"rendered":"<p>Jeden Sonnabendmorgen sattelt Luis Soriano den Esel und bepackt ihn mit schweren B\u00fccherkisten. Dann macht sich der kolumbianische Lehrer mit seiner mobilen B\u00fccherei auf den Weg in die D\u00f6rfer. Er m\u00f6chte Kindern in Kolumbien, die allt\u00e4glich Gewalt erleben, den Zugang zu B\u00fcchern er\u00f6ffnen, denn &#8222;wenn Schulen keine B\u00fccher haben, dann k\u00f6nnen Kinder keinen Frieden lernen&#8220;. &hellip; <a href=\"https:\/\/blogs.fu-berlin.de\/bibliotheken\/2009\/04\/09\/bucheresel-statt-bucherbus\/\" class=\"more-link\"><span class=\"screen-reader-text\">\u201eB\u00fccheresel statt B\u00fccherbus\u201c<\/span> weiterlesen<\/a><\/p>\n","protected":false},"author":265,"featured_media":0,"comment_status":"open","ping_status":"open","sticky":false,"template":"","format":"standard","meta":{"footnotes":""},"categories":[9,604],"tags":[582,661,662],"class_list":["post-606","post","type-post","status-publish","format-standard","hentry","category-allgemein","category-ins-netz-geschaut","tag-bucher","tag-esel","tag-kolumbien"],"_links":{"self":[{"href":"https:\/\/blogs.fu-berlin.de\/bibliotheken\/wp-json\/wp\/v2\/posts\/606","targetHints":{"allow":["GET"]}}],"collection":[{"href":"https:\/\/blogs.fu-berlin.de\/bibliotheken\/wp-json\/wp\/v2\/posts"}],"about":[{"href":"https:\/\/blogs.fu-berlin.de\/bibliotheken\/wp-json\/wp\/v2\/types\/post"}],"author":[{"embeddable":true,"href":"https:\/\/blogs.fu-berlin.de\/bibliotheken\/wp-json\/wp\/v2\/users\/265"}],"replies":[{"embeddable":true,"href":"https:\/\/blogs.fu-berlin.de\/bibliotheken\/wp-json\/wp\/v2\/comments?post=606"}],"version-history":[{"count":6,"href":"https:\/\/blogs.fu-berlin.de\/bibliotheken\/wp-json\/wp\/v2\/posts\/606\/revisions"}],"predecessor-version":[{"id":612,"href":"https:\/\/blogs.fu-berlin.de\/bibliotheken\/wp-json\/wp\/v2\/posts\/606\/revisions\/612"}],"wp:attachment":[{"href":"https:\/\/blogs.fu-berlin.de\/bibliotheken\/wp-json\/wp\/v2\/media?parent=606"}],"wp:term":[{"taxonomy":"category","embeddable":true,"href":"https:\/\/blogs.fu-berlin.de\/bibliotheken\/wp-json\/wp\/v2\/categories?post=606"},{"taxonomy":"post_tag","embeddable":true,"href":"https:\/\/blogs.fu-berlin.de\/bibliotheken\/wp-json\/wp\/v2\/tags?post=606"}],"curies":[{"name":"wp","href":"https:\/\/api.w.org\/{rel}","templated":true}]}}