{"id":6086,"date":"2010-08-24T11:51:28","date_gmt":"2010-08-24T10:51:28","guid":{"rendered":"https:\/\/blogs.fu-berlin.de\/bibliotheken\/?p=6086"},"modified":"2010-08-24T12:10:08","modified_gmt":"2010-08-24T11:10:08","slug":"hatten-sies-gewusst-gedenktage","status":"publish","type":"post","link":"https:\/\/blogs.fu-berlin.de\/bibliotheken\/2010\/08\/24\/hatten-sies-gewusst-gedenktage\/","title":{"rendered":"H\u00e4tten Sie&#8217;s gewusst? &#8211; Gedenktage &#8230;"},"content":{"rendered":"<p><img loading=\"lazy\" decoding=\"async\" src=\"https:\/\/blogs.fu-berlin.de\/bibliotheken\/files\/2010\/08\/DD01-2010-08-24.jpg\" alt=\"\" title=\"DD01 2010-08-24\" width=\"194\" height=\"234\" align=\"right\" hspace=\"5\" vspace=\"5\" \/><br \/>\nHeute vor 1.600 Jahren, vermutlich am 24. August des Jahres 410, ereignete sich die Eroberung Roms durch die Westgoten unter Alarich I. Die Erst\u00fcrmung und anschlie\u00dfende Pl\u00fcnderung der &#8222;ewigen Stadt&#8220; markierte weithin sichtbar den Beginn des Niedergangs des westr\u00f6mischen Reiches, der sich endg\u00fcltig im Jahre 476 vollzog. \u00dcber die Umst\u00e4nde und die erheblichen, auch geistesgeschichtlichen, Ersch\u00fctterungen und Nachwirkungen dieses Ereignisses informiert heute ein spannend aufgemachtes <a href=\"https:\/\/www.dradio.de\/dlf\/sendungen\/kalenderblatt\/1251922\/\">&#8222;Kalenderblatt&#8220;<\/a> des Deutschlandfunks.<\/p>\n<p>Wenn Sie Interesse haben an der systematischen Ermittlung von Gedenktagen oder Ihre Umwelt gern mit umfangreichem Faktenwissen beeindrucken m\u00f6chten, k\u00f6nnte Sie auch die Wissensdatenbank <a href=\"https:\/\/vs13.kobv.de\/V\/?func=find-db-1-title&amp;mode=titles&amp;azlist=N&amp;scan_utf=&amp;scan_start=munzinger&amp;search_type=contains&amp;restricted=all\">&#8222;Munzinger Online&#8220;<\/a> begeistern. Hier finden Sie &#8211; neben ergiebigen Nachschlagewerken zu Personen des 20. und 21. Jahrhunderts, L\u00e4ndern, Popmusik, Film und Sport &#8211; auch einen Kalender mit Zugriff auf zahllose Gedenk-, Geburts- und Todestage.<\/p>\n<p>H\u00e4tten Sie&#8217;s gewusst? Vor genau 20 Jahren wurde das Gesetz \u00fcber den Verbleib der Stasi-Akten nach Vollzug der deutschen Einheit durch die Volkskammer der DDR verabschiedet (auch bekannt als: &#8222;Stasi-Unterlagen-Gesetz&#8220;) &#8230;<\/p>\n<p>(F\u00fcr BibliothekarInnen \ud83d\ude09  &#8230; 24.8.2010 = 50. Todestag von Erwin Ackerknecht &#8230;)<\/p>\n<p>Zur Grafik: Die Eroberung Roms. Franz\u00f6sische Miniatur aus dem 15. Jahrhundert. Mit Dank an <a href=\"https:\/\/de.wikipedia.org\/wiki\/Datei:Eroberung_roms_410.jpg\">Wikimedia Commons<\/a>.<\/p>\n","protected":false},"excerpt":{"rendered":"<p>Heute vor 1.600 Jahren, vermutlich am 24. August des Jahres 410, ereignete sich die Eroberung Roms durch die Westgoten unter Alarich I. Die Erst\u00fcrmung und anschlie\u00dfende Pl\u00fcnderung der &#8222;ewigen Stadt&#8220; markierte weithin sichtbar den Beginn des Niedergangs des westr\u00f6mischen Reiches, der sich endg\u00fcltig im Jahre 476 vollzog. \u00dcber die Umst\u00e4nde und die erheblichen, auch geistesgeschichtlichen, &hellip; <a href=\"https:\/\/blogs.fu-berlin.de\/bibliotheken\/2010\/08\/24\/hatten-sies-gewusst-gedenktage\/\" class=\"more-link\"><span class=\"screen-reader-text\">\u201eH\u00e4tten Sie&#8217;s gewusst? &#8211; Gedenktage &#8230;\u201c<\/span> weiterlesen<\/a><\/p>\n","protected":false},"author":267,"featured_media":0,"comment_status":"open","ping_status":"open","sticky":false,"template":"","format":"standard","meta":{"footnotes":""},"categories":[457,603],"tags":[1963,1964],"class_list":["post-6086","post","type-post","status-publish","format-standard","hentry","category-digitale-bibliothek","category-vorgestellt","tag-gedenktag","tag-munzinger-online"],"_links":{"self":[{"href":"https:\/\/blogs.fu-berlin.de\/bibliotheken\/wp-json\/wp\/v2\/posts\/6086","targetHints":{"allow":["GET"]}}],"collection":[{"href":"https:\/\/blogs.fu-berlin.de\/bibliotheken\/wp-json\/wp\/v2\/posts"}],"about":[{"href":"https:\/\/blogs.fu-berlin.de\/bibliotheken\/wp-json\/wp\/v2\/types\/post"}],"author":[{"embeddable":true,"href":"https:\/\/blogs.fu-berlin.de\/bibliotheken\/wp-json\/wp\/v2\/users\/267"}],"replies":[{"embeddable":true,"href":"https:\/\/blogs.fu-berlin.de\/bibliotheken\/wp-json\/wp\/v2\/comments?post=6086"}],"version-history":[{"count":6,"href":"https:\/\/blogs.fu-berlin.de\/bibliotheken\/wp-json\/wp\/v2\/posts\/6086\/revisions"}],"predecessor-version":[{"id":6089,"href":"https:\/\/blogs.fu-berlin.de\/bibliotheken\/wp-json\/wp\/v2\/posts\/6086\/revisions\/6089"}],"wp:attachment":[{"href":"https:\/\/blogs.fu-berlin.de\/bibliotheken\/wp-json\/wp\/v2\/media?parent=6086"}],"wp:term":[{"taxonomy":"category","embeddable":true,"href":"https:\/\/blogs.fu-berlin.de\/bibliotheken\/wp-json\/wp\/v2\/categories?post=6086"},{"taxonomy":"post_tag","embeddable":true,"href":"https:\/\/blogs.fu-berlin.de\/bibliotheken\/wp-json\/wp\/v2\/tags?post=6086"}],"curies":[{"name":"wp","href":"https:\/\/api.w.org\/{rel}","templated":true}]}}