{"id":6128,"date":"2010-09-08T10:43:04","date_gmt":"2010-09-08T09:43:04","guid":{"rendered":"https:\/\/blogs.fu-berlin.de\/bibliotheken\/?p=6128"},"modified":"2016-10-24T12:31:21","modified_gmt":"2016-10-24T11:31:21","slug":"deutscher-buchpreis-2010-shortlist-veroffentlicht","status":"publish","type":"post","link":"https:\/\/blogs.fu-berlin.de\/bibliotheken\/2010\/09\/08\/deutscher-buchpreis-2010-shortlist-veroffentlicht\/","title":{"rendered":"Deutscher Buchpreis 2010: Shortlist ver\u00f6ffentlicht"},"content":{"rendered":"<p>Wie bereits vor einigen Wochen im BiblioBlog <a href=\"https:\/\/blogs.fu-berlin.de\/bibliotheken\/2010\/08\/18\/longlist-fur-den-deutschen-buchpreis-2010-veroffentlicht\/\">angek\u00fcndigt<\/a>, ist heute die Shortlist f\u00fcr den Deutschen Buchpreis bekannt gegeben worden. Die Jury um Ulrich Greiner (Die Zeit) und Burkhard M\u00fcller (S\u00fcddeutsche Zeitung) stand vor der nicht leichten Aufgabe, sich von 14 der 20 vorausgew\u00e4hlten Titel zu trennen.<\/p>\n<p>Folgende sechs Romane haben die Chance zum Auftakt der Frankfurter Buchmesse am 4. Oktober 2010 ausgezeichnet zu werden:<\/p>\n<p>&#8211; Jan Faktor: <em>Georgs Sorgen um die Vergangenheit oder im Reich des heiligen Hodensack-Bimbams von Prag<\/em><br \/>\n&#8211; Thomas Lehr: <em>September. Fata Morgana<\/em><br \/>\n&#8211; Melinda Nadj Abonji: <em>Tauben fliegen auf<\/em><br \/>\n&#8211; Doron Rabinovici: <em>Andernorts<\/em><br \/>\n&#8211; Peter Wawerzinek: <em>Rabenliebe<\/em><br \/>\n&#8211; Judith Zander: <em>Dinge, die wir heute sagten<\/em><\/p>\n<p>Auf Wawerzinek und Zander wurde man vor einigen Monaten bei der Vergabe des Ingeborg-Bachmann-Preises aufmerksam. Ersterer, gewann den Wettbewerb mit der Aufarbeitung seines Lebens als DDR-Waise, w\u00e4hrend bei Zanders Deb\u00fctroman die R\u00fcckkehr einer Tochter in die vorpommersche Provinz in den Mittelpunkt r\u00fcckt.<\/p>\n<p>Ebenfalls die R\u00fcckkehr als Thema hat sich die Schweizer K\u00fcnstlerin Melinda Nadj Abonji ausgesucht. In <em>Tauben fliegen auf<\/em> schildert sie die Besuche einer serbischen Familie in ihrem Heimatdorf, die vor Jahren in die Schweiz \u00fcbergesiedelt ist. Thomas Lehr r\u00fcckt in <em>September. Fata Morgana<\/em> die Schicksale zweier Frauen in den Blickpunkt, die bei Terroranschl\u00e4gen in New York und Bagdad ums Leben gekommen sind. Doron Rabinovici blickt in <em>Andernorts<\/em> auf die Geheimnisse einer j\u00fcdischen Familie, w\u00e4hrend man bei Jan Faktors Entwicklungsroman mit dem etwas seltsamen Titel vom Ich-Erz\u00e4hler ins Prag der 1960er Jahre begleitet wird.<\/p>\n<p>Die B\u00fccher von <a href=\"https:\/\/sf4.ub.fu-berlin.de\/F\/?func=item-global&amp;doc_library=FUB01&amp;doc_number=003791080&amp;year=&amp;volume=&amp;sub_library=920\">Faktor<\/a>, <a href=\"https:\/\/sf4.ub.fu-berlin.de\/F\/?func=item-global&amp;doc_library=FUB01&amp;doc_number=003986136&amp;year=&amp;volume=&amp;sub_library=920\">Rabinovici<\/a> und <a href=\"https:\/\/sf4.ub.fu-berlin.de\/F\/?func=item-global&amp;doc_library=FUB01&amp;doc_number=003986083&amp;year=&amp;volume=&amp;sub_library=920\">Wawerzinek<\/a> sind im Bestand der <a href=\"https:\/\/www.fu-berlin.de\/bibliothek\/philbib\/\">Philologischen Bibliothek<\/a> zu finden. Kostenfreie Leseproben aller Romane bietet die E-Book-Plattform <a href=\"https:\/\/deutscherbuchpreis.libreka.de\/\">libreka!<\/a> an.<\/p>\n","protected":false},"excerpt":{"rendered":"<p>Wie bereits vor einigen Wochen im BiblioBlog angek\u00fcndigt, ist heute die Shortlist f\u00fcr den Deutschen Buchpreis bekannt gegeben worden. Die Jury um Ulrich Greiner (Die Zeit) und Burkhard M\u00fcller (S\u00fcddeutsche Zeitung) stand vor der nicht leichten Aufgabe, sich von 14 der 20 vorausgew\u00e4hlten Titel zu trennen. Folgende sechs Romane haben die Chance zum Auftakt der &hellip; <a href=\"https:\/\/blogs.fu-berlin.de\/bibliotheken\/2010\/09\/08\/deutscher-buchpreis-2010-shortlist-veroffentlicht\/\" class=\"more-link\"><span class=\"screen-reader-text\">\u201eDeutscher Buchpreis 2010: Shortlist ver\u00f6ffentlicht\u201c<\/span> weiterlesen<\/a><\/p>\n","protected":false},"author":293,"featured_media":0,"comment_status":"open","ping_status":"open","sticky":false,"template":"","format":"standard","meta":{"footnotes":""},"categories":[604],"tags":[57543,1969],"class_list":["post-6128","post","type-post","status-publish","format-standard","hentry","category-ins-netz-geschaut","tag-deutscher-buchpreis","tag-shortlist-2010"],"_links":{"self":[{"href":"https:\/\/blogs.fu-berlin.de\/bibliotheken\/wp-json\/wp\/v2\/posts\/6128","targetHints":{"allow":["GET"]}}],"collection":[{"href":"https:\/\/blogs.fu-berlin.de\/bibliotheken\/wp-json\/wp\/v2\/posts"}],"about":[{"href":"https:\/\/blogs.fu-berlin.de\/bibliotheken\/wp-json\/wp\/v2\/types\/post"}],"author":[{"embeddable":true,"href":"https:\/\/blogs.fu-berlin.de\/bibliotheken\/wp-json\/wp\/v2\/users\/293"}],"replies":[{"embeddable":true,"href":"https:\/\/blogs.fu-berlin.de\/bibliotheken\/wp-json\/wp\/v2\/comments?post=6128"}],"version-history":[{"count":12,"href":"https:\/\/blogs.fu-berlin.de\/bibliotheken\/wp-json\/wp\/v2\/posts\/6128\/revisions"}],"predecessor-version":[{"id":19959,"href":"https:\/\/blogs.fu-berlin.de\/bibliotheken\/wp-json\/wp\/v2\/posts\/6128\/revisions\/19959"}],"wp:attachment":[{"href":"https:\/\/blogs.fu-berlin.de\/bibliotheken\/wp-json\/wp\/v2\/media?parent=6128"}],"wp:term":[{"taxonomy":"category","embeddable":true,"href":"https:\/\/blogs.fu-berlin.de\/bibliotheken\/wp-json\/wp\/v2\/categories?post=6128"},{"taxonomy":"post_tag","embeddable":true,"href":"https:\/\/blogs.fu-berlin.de\/bibliotheken\/wp-json\/wp\/v2\/tags?post=6128"}],"curies":[{"name":"wp","href":"https:\/\/api.w.org\/{rel}","templated":true}]}}