{"id":6167,"date":"2010-09-14T17:15:52","date_gmt":"2010-09-14T16:15:52","guid":{"rendered":"https:\/\/blogs.fu-berlin.de\/bibliotheken\/?p=6167"},"modified":"2010-09-15T08:32:55","modified_gmt":"2010-09-15T07:32:55","slug":"internationales-literaturfestival-in-der-hauptstadt","status":"publish","type":"post","link":"https:\/\/blogs.fu-berlin.de\/bibliotheken\/2010\/09\/14\/internationales-literaturfestival-in-der-hauptstadt\/","title":{"rendered":"Internationales Literaturfestival in der Hauptstadt"},"content":{"rendered":"<p><img decoding=\"async\" src=\"https:\/\/upload.wikimedia.org\/wikipedia\/commons\/thumb\/3\/30\/Haus_der_Kulturen_der_Welt.jpg\/120px-Haus_der_Kulturen_der_Welt.jpg\" alt=\"\" align=\"right\" \/>Mit dem <a href=\"https:\/\/www.literaturfestival.com\/\">internationalen literaturfestival berlin (ilb)<\/a> beginnt ab Mittwoch, den 15. September, ein Mammutprogramm um zeitgen\u00f6ssische Prosa und Lyrik aus aller Welt. Bis zum 25. September sind  in Berlin \u00fcber 230 Veranstaltungen angesagt, an denen 270 Autoren aus 65 L\u00e4ndern teilnehmen sollen. Hauptveranstaltungsort ist das Haus der Kulturen der Welt.<\/p>\n<p>Das Festival, das zum zehnten Mal von der Peter-Weiss-Stiftung f\u00fcr Kunst und Politik e. V. und den Berliner Festspielen veranstaltet wird, teilt sich in verschiedene Sparten (s. <a href=\"https:\/\/www.literaturfestival.com\/programm\">offizielles Festivalprogramm<\/a>).  Im Programm \u201eLiteraturen der Welt\u201c treten international so bekannten Autoren wie der preisgekr\u00f6nte irische Krimischriftsteller Ken Bruen, der Somalier Nuruddin Farah, der US-Amerikaner Joshua Ferris (<em>Wir waren unsterblich<\/em>), der Spanier Juan Goytisolo, der chinesische Regimekritiker Liao Yiwu oder Alberto Manguel (<em>Die Bibliothek bei Nacht<\/em>) in Erscheinung. Eine eigene Sparte widmet sich dem Austausch mit osteurop\u00e4ischer Literatur, die 2010 im Fokus steht. Eine weitere Sparte ist f\u00fcr aktueller Kinder- und Jugendliteratur vorgesehen. Ausl\u00e4ndische Autoren tragen ihre Texte auszugsweise in ihrer Muttersprache vor. Anschlie\u00dfend lesen Schauspieler die deutsche \u00dcbersetzung. Dolmetscher erm\u00f6glichen den Austausch zwischen Autor und Publikum.<\/p>\n<p>Erg\u00e4nzt wird das Angebot um szenische Lesungen, politische Diskussionen, Konzerte, Ausstellungen sowie Filmvorf\u00fchrungen. Am 21. September steht au\u00dferdem ein Weltrekordversuch an \u2013 zum Internationalen Tag des Friedens soll unter dem Motto \u201eauthors for peace\u201c (<a href=\"https:\/\/www.authorsforpeace.com\/index.html\">www.authorsforpeace.com<\/a>) live eine 24-st\u00fcndige Online-Lesung abgehalten werden, bei der Autoren aus aller Welt ihre Solidarit\u00e4t mit den Opfern des Krieges bekunden.<\/p>\n<h6>Danke f\u00fcr das Bild an <a href=\"https:\/\/commons.wikimedia.org\/wiki\/File:Haus_der_Kulturen_der_Welt.jpg?uselang=de\">WikiCommons<\/a>!<\/h6>\n","protected":false},"excerpt":{"rendered":"<p>Mit dem internationalen literaturfestival berlin (ilb) beginnt ab Mittwoch, den 15. September, ein Mammutprogramm um zeitgen\u00f6ssische Prosa und Lyrik aus aller Welt. Bis zum 25. September sind in Berlin \u00fcber 230 Veranstaltungen angesagt, an denen 270 Autoren aus 65 L\u00e4ndern teilnehmen sollen. Hauptveranstaltungsort ist das Haus der Kulturen der Welt. Das Festival, das zum zehnten &hellip; <a href=\"https:\/\/blogs.fu-berlin.de\/bibliotheken\/2010\/09\/14\/internationales-literaturfestival-in-der-hauptstadt\/\" class=\"more-link\"><span class=\"screen-reader-text\">\u201eInternationales Literaturfestival in der Hauptstadt\u201c<\/span> weiterlesen<\/a><\/p>\n","protected":false},"author":293,"featured_media":0,"comment_status":"open","ping_status":"open","sticky":false,"template":"","format":"standard","meta":{"footnotes":""},"categories":[604,70],"tags":[1984,1983,1982,1981],"class_list":["post-6167","post","type-post","status-publish","format-standard","hentry","category-ins-netz-geschaut","category-veranstaltungen","tag-authors-for-peace","tag-haus-der-kulturen-der-welt","tag-ilb","tag-internationales-literaturfestival-berlin"],"_links":{"self":[{"href":"https:\/\/blogs.fu-berlin.de\/bibliotheken\/wp-json\/wp\/v2\/posts\/6167","targetHints":{"allow":["GET"]}}],"collection":[{"href":"https:\/\/blogs.fu-berlin.de\/bibliotheken\/wp-json\/wp\/v2\/posts"}],"about":[{"href":"https:\/\/blogs.fu-berlin.de\/bibliotheken\/wp-json\/wp\/v2\/types\/post"}],"author":[{"embeddable":true,"href":"https:\/\/blogs.fu-berlin.de\/bibliotheken\/wp-json\/wp\/v2\/users\/293"}],"replies":[{"embeddable":true,"href":"https:\/\/blogs.fu-berlin.de\/bibliotheken\/wp-json\/wp\/v2\/comments?post=6167"}],"version-history":[{"count":10,"href":"https:\/\/blogs.fu-berlin.de\/bibliotheken\/wp-json\/wp\/v2\/posts\/6167\/revisions"}],"predecessor-version":[{"id":6241,"href":"https:\/\/blogs.fu-berlin.de\/bibliotheken\/wp-json\/wp\/v2\/posts\/6167\/revisions\/6241"}],"wp:attachment":[{"href":"https:\/\/blogs.fu-berlin.de\/bibliotheken\/wp-json\/wp\/v2\/media?parent=6167"}],"wp:term":[{"taxonomy":"category","embeddable":true,"href":"https:\/\/blogs.fu-berlin.de\/bibliotheken\/wp-json\/wp\/v2\/categories?post=6167"},{"taxonomy":"post_tag","embeddable":true,"href":"https:\/\/blogs.fu-berlin.de\/bibliotheken\/wp-json\/wp\/v2\/tags?post=6167"}],"curies":[{"name":"wp","href":"https:\/\/api.w.org\/{rel}","templated":true}]}}