{"id":6216,"date":"2010-10-01T14:21:28","date_gmt":"2010-10-01T13:21:28","guid":{"rendered":"https:\/\/blogs.fu-berlin.de\/bibliotheken\/?p=6216"},"modified":"2010-10-01T14:25:16","modified_gmt":"2010-10-01T13:25:16","slug":"ausstellung-bildung-durch-bilder-denkwerk-kunstgeschichte","status":"publish","type":"post","link":"https:\/\/blogs.fu-berlin.de\/bibliotheken\/2010\/10\/01\/ausstellung-bildung-durch-bilder-denkwerk-kunstgeschichte\/","title":{"rendered":"Ausstellung: Bildung durch Bilder &#8211; Denkwerk Kunstgeschichte"},"content":{"rendered":"<p>Bilder umgeben uns \u00fcberall, im Internet, in den Printmedien oder im \u00f6ffentlichen Raum. Das Verstehen und kritische Hinterfragen dieser Bilder aber will gelernt sein. Die Methoden der Kunstwissenschaft bieten daf\u00fcr geeignete Instrumentarien.<\/p>\n<p>In dem Kooperationsprojekt Bildung durch Bilder k\u00f6nnen Sch\u00fclerinnen und Sch\u00fcler kunstwissenschaftliche Arbeitsweisen kennenlernen. Vor Gem\u00e4lden, Skulpturen, Bauwerken und Filmen schulen sie ihren Blick und sammeln neue Eindr\u00fccke und Erkenntnisse. Auf diese Weise k\u00f6nnen die Jugendlichen ein geisteswissenschaftliches Fach und seine Vorgehensweise erleben und bekommen einen Eindruck vom universit\u00e4ren Studium. In bisher \u00fcber 50 einzelnen Projekten engagierten sich zahlreiche Studierende sowie Dozentinnen und Dozenten des Kunsthistorischen Instituts gemeinsam mit den Lehrenden der 14 beteiligten Schulen.<\/p>\n<p>Die <a href=\"https:\/\/www.ub.fu-berlin.de\/service_neu\/ausstellung\/\">Ausstellung<\/a> (28.09.2010 &#8211; 11.11.2010 im Foyer der Universit\u00e4tsbibliothek) pr\u00e4sentiert eine Auswahl der bisherigen Projekte, wobei die Themen von fr\u00fchchristlichen Elfenbeintafeln \u00fcber die Architektur des Absolutismus bis zu den Videoclips der S\u00e4ngerin Madonna reichen.<\/p>\n<p>Zur Pr\u00e4sentation des Projektes &#8222;Bildung durch Bilder&#8220; am Donnerstag, 04.11.2010, 15 Uhr im Foyer der Universit\u00e4tsbibliothek sind Interessierte herzlich eingeladen.<\/p>\n","protected":false},"excerpt":{"rendered":"<p>Bilder umgeben uns \u00fcberall, im Internet, in den Printmedien oder im \u00f6ffentlichen Raum. Das Verstehen und kritische Hinterfragen dieser Bilder aber will gelernt sein. Die Methoden der Kunstwissenschaft bieten daf\u00fcr geeignete Instrumentarien. In dem Kooperationsprojekt Bildung durch Bilder k\u00f6nnen Sch\u00fclerinnen und Sch\u00fcler kunstwissenschaftliche Arbeitsweisen kennenlernen. Vor Gem\u00e4lden, Skulpturen, Bauwerken und Filmen schulen sie ihren Blick &hellip; <a href=\"https:\/\/blogs.fu-berlin.de\/bibliotheken\/2010\/10\/01\/ausstellung-bildung-durch-bilder-denkwerk-kunstgeschichte\/\" class=\"more-link\"><span class=\"screen-reader-text\">\u201eAusstellung: Bildung durch Bilder &#8211; Denkwerk Kunstgeschichte\u201c<\/span> weiterlesen<\/a><\/p>\n","protected":false},"author":267,"featured_media":0,"comment_status":"open","ping_status":"open","sticky":false,"template":"","format":"standard","meta":{"footnotes":""},"categories":[601,70],"tags":[581,1999,1267,1998,1668],"class_list":["post-6216","post","type-post","status-publish","format-standard","hentry","category-universitatsbibliothek","category-veranstaltungen","tag-ausstellung","tag-didaktik","tag-kunstgeschichte","tag-kunstunterricht","tag-schule"],"_links":{"self":[{"href":"https:\/\/blogs.fu-berlin.de\/bibliotheken\/wp-json\/wp\/v2\/posts\/6216","targetHints":{"allow":["GET"]}}],"collection":[{"href":"https:\/\/blogs.fu-berlin.de\/bibliotheken\/wp-json\/wp\/v2\/posts"}],"about":[{"href":"https:\/\/blogs.fu-berlin.de\/bibliotheken\/wp-json\/wp\/v2\/types\/post"}],"author":[{"embeddable":true,"href":"https:\/\/blogs.fu-berlin.de\/bibliotheken\/wp-json\/wp\/v2\/users\/267"}],"replies":[{"embeddable":true,"href":"https:\/\/blogs.fu-berlin.de\/bibliotheken\/wp-json\/wp\/v2\/comments?post=6216"}],"version-history":[{"count":3,"href":"https:\/\/blogs.fu-berlin.de\/bibliotheken\/wp-json\/wp\/v2\/posts\/6216\/revisions"}],"predecessor-version":[{"id":6219,"href":"https:\/\/blogs.fu-berlin.de\/bibliotheken\/wp-json\/wp\/v2\/posts\/6216\/revisions\/6219"}],"wp:attachment":[{"href":"https:\/\/blogs.fu-berlin.de\/bibliotheken\/wp-json\/wp\/v2\/media?parent=6216"}],"wp:term":[{"taxonomy":"category","embeddable":true,"href":"https:\/\/blogs.fu-berlin.de\/bibliotheken\/wp-json\/wp\/v2\/categories?post=6216"},{"taxonomy":"post_tag","embeddable":true,"href":"https:\/\/blogs.fu-berlin.de\/bibliotheken\/wp-json\/wp\/v2\/tags?post=6216"}],"curies":[{"name":"wp","href":"https:\/\/api.w.org\/{rel}","templated":true}]}}