{"id":6230,"date":"2010-10-04T18:48:55","date_gmt":"2010-10-04T17:48:55","guid":{"rendered":"https:\/\/blogs.fu-berlin.de\/bibliotheken\/?p=6230"},"modified":"2016-10-24T12:31:03","modified_gmt":"2016-10-24T11:31:03","slug":"deutscher-buchpreis-an-melinda-nadj-abonji","status":"publish","type":"post","link":"https:\/\/blogs.fu-berlin.de\/bibliotheken\/2010\/10\/04\/deutscher-buchpreis-an-melinda-nadj-abonji\/","title":{"rendered":"Deutscher Buchpreis an Melinda Nadj Abonji"},"content":{"rendered":"<p><img decoding=\"async\" src=\"https:\/\/www.deutscher-buchpreis.de\/sixcms\/media.php\/780\/img_logo_kopf_10.gif\" alt=\"\" align=\"right\" \/>Nachdem in den Vorjahren Deutsche und \u00d6sterreicher triumphierten geht 2010 der <a href=\"https:\/\/www.deutscher-buchpreis.de\/de\/352565\">Deutsche Buchpreis<\/a> erstmals in die Schweiz &#8211; Melinda Nadj Abonji wurde f\u00fcr <em>Tauben fliegen auf<\/em> ausgezeichnet. Die Tochter serbisch-ungarischer Gastarbeiter wurde in der Vojvodina geboren. Sie zog mit viereinhalb Jahren in die Schweiz, studierte in Z\u00fcrich und machte sich neben dem Schreiben auch als Musikerin und Performance-K\u00fcnstlerin einen Namen.<\/p>\n<p>Abonjis zweiter Roman ist autobiografischen Ursprungs und stellt die junge Ildiko in den Mittelpunkt, die mit ihrer Familie aus der Vojvodina in die Schweiz emigriert. Dort erarbeiten sich die Eltern ein Caf\u00e9. Obwohl die Familie nicht aneckt und nicht auff\u00e4llt, bleiben sie \u201edie Jugos\u201c in der neuen Heimat. Die Sehnsucht nach dem Balkan wird durch die Jugoslawienkriege getr\u00fcbt. Das Buch gebe laut Jurybegr\u00fcndung das vertiefte Bild eines gegenw\u00e4rtigen Europa im Aufbruch, das mit seiner Vergangenheit noch lang nicht abgeschlossen hat.<\/p>\n<p>Melinda Nadj Abonji setzte sich im Finale gegen Jan Faktor (<em>Georgs Sorgen um die Vergangenheit oder im Reich des heiligen Hodensack-Bimbams von Prag<\/em>), Thomas Lehr (<em>September. Fata Morgana<\/em>), Doron Rabinovici (<em>Andernorts<\/em>), den diesj\u00e4hrigen Ingeborg-Bachmann-Preistr\u00e4ger Peter Wawerzinek (<em>Rabenliebe<\/em>) und Judith Zander (<em>Dinge, die wir heute sagten<\/em>) durch. Am 14. November hat die 42-j\u00e4hrige Autorin auch die M\u00f6glichkeit auf dem Literaturfestival BuchBasel mit dem seit 2008 vergebenen <a href=\"https:\/\/www.schweizer-buchpreis.ch\/\">Schweizer Buchprei<\/a>s ausgezeichnet zu werden. Ob sich die Schweizer Jury von der Preisverleihung in Deutschland beeindrucken l\u00e4sst? Kostenfreie Leseproben aller Romane bietet die E-Book-Plattform <a href=\"https:\/\/deutscherbuchpreis.libreka.de\/\">libreka!<\/a> an. Alle Titel sind auch im Bestand der <a href=\"https:\/\/www.fu-berlin.de\/bibliothek\/philbib\/\">Philologischen Bibliothek<\/a> zu finden.<\/p>\n<p>Der Deutsche Buchpreis wird seit 2005 vom B\u00f6rsenverein des Deutschen Buchhandels am Vorabend der Frankfurter Buchmesse verliehen. Die Auszeichnung gilt als deutsche Antwort auf den franz\u00f6sischen Prix Goncourt oder den britischen Booker Prize und ist mit 25.000 Euro dotiert. Im letzten Jahr hatte die deutsche Autorin Kathrin Schmidt (<em>Du stirbst nicht<\/em>) <a href=\"https:\/\/blogs.fu-berlin.de\/bibliotheken\/2009\/10\/12\/deutscher-buchpreis-fur-kathrin-schmidt\/\">triumphiert<\/a>.<\/p>\n","protected":false},"excerpt":{"rendered":"<p>Nachdem in den Vorjahren Deutsche und \u00d6sterreicher triumphierten geht 2010 der Deutsche Buchpreis erstmals in die Schweiz &#8211; Melinda Nadj Abonji wurde f\u00fcr Tauben fliegen auf ausgezeichnet. Die Tochter serbisch-ungarischer Gastarbeiter wurde in der Vojvodina geboren. Sie zog mit viereinhalb Jahren in die Schweiz, studierte in Z\u00fcrich und machte sich neben dem Schreiben auch als &hellip; <a href=\"https:\/\/blogs.fu-berlin.de\/bibliotheken\/2010\/10\/04\/deutscher-buchpreis-an-melinda-nadj-abonji\/\" class=\"more-link\"><span class=\"screen-reader-text\">\u201eDeutscher Buchpreis an Melinda Nadj Abonji\u201c<\/span> weiterlesen<\/a><\/p>\n","protected":false},"author":293,"featured_media":0,"comment_status":"open","ping_status":"open","sticky":false,"template":"","format":"standard","meta":{"footnotes":""},"categories":[604],"tags":[57543,2002],"class_list":["post-6230","post","type-post","status-publish","format-standard","hentry","category-ins-netz-geschaut","tag-deutscher-buchpreis","tag-melinda-nadj-abonji"],"_links":{"self":[{"href":"https:\/\/blogs.fu-berlin.de\/bibliotheken\/wp-json\/wp\/v2\/posts\/6230","targetHints":{"allow":["GET"]}}],"collection":[{"href":"https:\/\/blogs.fu-berlin.de\/bibliotheken\/wp-json\/wp\/v2\/posts"}],"about":[{"href":"https:\/\/blogs.fu-berlin.de\/bibliotheken\/wp-json\/wp\/v2\/types\/post"}],"author":[{"embeddable":true,"href":"https:\/\/blogs.fu-berlin.de\/bibliotheken\/wp-json\/wp\/v2\/users\/293"}],"replies":[{"embeddable":true,"href":"https:\/\/blogs.fu-berlin.de\/bibliotheken\/wp-json\/wp\/v2\/comments?post=6230"}],"version-history":[{"count":7,"href":"https:\/\/blogs.fu-berlin.de\/bibliotheken\/wp-json\/wp\/v2\/posts\/6230\/revisions"}],"predecessor-version":[{"id":19958,"href":"https:\/\/blogs.fu-berlin.de\/bibliotheken\/wp-json\/wp\/v2\/posts\/6230\/revisions\/19958"}],"wp:attachment":[{"href":"https:\/\/blogs.fu-berlin.de\/bibliotheken\/wp-json\/wp\/v2\/media?parent=6230"}],"wp:term":[{"taxonomy":"category","embeddable":true,"href":"https:\/\/blogs.fu-berlin.de\/bibliotheken\/wp-json\/wp\/v2\/categories?post=6230"},{"taxonomy":"post_tag","embeddable":true,"href":"https:\/\/blogs.fu-berlin.de\/bibliotheken\/wp-json\/wp\/v2\/tags?post=6230"}],"curies":[{"name":"wp","href":"https:\/\/api.w.org\/{rel}","templated":true}]}}