{"id":6238,"date":"2010-10-06T12:07:12","date_gmt":"2010-10-06T11:07:12","guid":{"rendered":"https:\/\/blogs.fu-berlin.de\/bibliotheken\/?p=6238"},"modified":"2010-12-03T15:11:14","modified_gmt":"2010-12-03T14:11:14","slug":"link-des-monats-oktober-2010-die-frauen-von-ravensbruck-das-videoarchiv","status":"publish","type":"post","link":"https:\/\/blogs.fu-berlin.de\/bibliotheken\/2010\/10\/06\/link-des-monats-oktober-2010-die-frauen-von-ravensbruck-das-videoarchiv\/","title":{"rendered":"Link des Monats Oktober 2010: Die Frauen von Ravensbr\u00fcck &#8211; Das Videoarchiv"},"content":{"rendered":"<p><img decoding=\"async\" src=\"https:\/\/upload.wikimedia.org\/wikipedia\/commons\/thumb\/6\/61\/Ravensbr\u00fcck_concentration_camp-03.jpg\/120px-Ravensbr\u00fcck_concentration_camp-03.jpg\" alt=\"\" align=\"right\" \/>25 Jahre lang interviewte die deutsche Filmemacherin und Autorin Loretta Walz \u00dcberlebende des KZ Ravensbr\u00fcck, das als gr\u00f6\u00dftes Frauenkonzentrationslager im deutschen Reich gilt. Ein Teil des gesammelten Videomaterials steht seit kurzer Zeit kostenfrei im Online-Videoarchiv <em>Die Frauen von Ravensbr\u00fcck<\/em> zur Verf\u00fcgung &#8211; unser <a href=\"https:\/\/www.ub.fu-berlin.de\/service_neu\/linktipp\/1010.html\">Link des Monats Oktober<\/a>. Mehr als f\u00fcnfzig Protagonisten aus Europa mit unterschiedlichen biografischen Hintergr\u00fcnden geben hier Einblick in ihre Lebensgeschichten.<\/p>\n<h6>Danke f\u00fcr das Bild an <a href=\"https:\/\/commons.wikimedia.org\/wiki\/File:Ravensbr\u00fcck_concentration_camp-03.jpg?uselang=de\">WikiCommons<\/a>!<\/h6>\n","protected":false},"excerpt":{"rendered":"<p>25 Jahre lang interviewte die deutsche Filmemacherin und Autorin Loretta Walz \u00dcberlebende des KZ Ravensbr\u00fcck, das als gr\u00f6\u00dftes Frauenkonzentrationslager im deutschen Reich gilt. Ein Teil des gesammelten Videomaterials steht seit kurzer Zeit kostenfrei im Online-Videoarchiv Die Frauen von Ravensbr\u00fcck zur Verf\u00fcgung &#8211; unser Link des Monats Oktober. Mehr als f\u00fcnfzig Protagonisten aus Europa mit unterschiedlichen &hellip; <a href=\"https:\/\/blogs.fu-berlin.de\/bibliotheken\/2010\/10\/06\/link-des-monats-oktober-2010-die-frauen-von-ravensbruck-das-videoarchiv\/\" class=\"more-link\"><span class=\"screen-reader-text\">\u201eLink des Monats Oktober 2010: Die Frauen von Ravensbr\u00fcck &#8211; Das Videoarchiv\u201c<\/span> weiterlesen<\/a><\/p>\n","protected":false},"author":293,"featured_media":0,"comment_status":"open","ping_status":"open","sticky":false,"template":"","format":"standard","meta":{"footnotes":""},"categories":[604],"tags":[524,2004,537,2003],"class_list":["post-6238","post","type-post","status-publish","format-standard","hentry","category-ins-netz-geschaut","tag-frauen","tag-konzentrationslager-ravensbruck","tag-link-des-monats","tag-videoarchiv"],"_links":{"self":[{"href":"https:\/\/blogs.fu-berlin.de\/bibliotheken\/wp-json\/wp\/v2\/posts\/6238","targetHints":{"allow":["GET"]}}],"collection":[{"href":"https:\/\/blogs.fu-berlin.de\/bibliotheken\/wp-json\/wp\/v2\/posts"}],"about":[{"href":"https:\/\/blogs.fu-berlin.de\/bibliotheken\/wp-json\/wp\/v2\/types\/post"}],"author":[{"embeddable":true,"href":"https:\/\/blogs.fu-berlin.de\/bibliotheken\/wp-json\/wp\/v2\/users\/293"}],"replies":[{"embeddable":true,"href":"https:\/\/blogs.fu-berlin.de\/bibliotheken\/wp-json\/wp\/v2\/comments?post=6238"}],"version-history":[{"count":7,"href":"https:\/\/blogs.fu-berlin.de\/bibliotheken\/wp-json\/wp\/v2\/posts\/6238\/revisions"}],"predecessor-version":[{"id":6251,"href":"https:\/\/blogs.fu-berlin.de\/bibliotheken\/wp-json\/wp\/v2\/posts\/6238\/revisions\/6251"}],"wp:attachment":[{"href":"https:\/\/blogs.fu-berlin.de\/bibliotheken\/wp-json\/wp\/v2\/media?parent=6238"}],"wp:term":[{"taxonomy":"category","embeddable":true,"href":"https:\/\/blogs.fu-berlin.de\/bibliotheken\/wp-json\/wp\/v2\/categories?post=6238"},{"taxonomy":"post_tag","embeddable":true,"href":"https:\/\/blogs.fu-berlin.de\/bibliotheken\/wp-json\/wp\/v2\/tags?post=6238"}],"curies":[{"name":"wp","href":"https:\/\/api.w.org\/{rel}","templated":true}]}}