{"id":624,"date":"2009-04-15T08:41:05","date_gmt":"2009-04-15T07:41:05","guid":{"rendered":"https:\/\/blogs.fu-berlin.de\/bibliotheken\/?p=624"},"modified":"2009-04-21T10:46:07","modified_gmt":"2009-04-21T09:46:07","slug":"world-digital-library-startet-am-21-april-2009","status":"publish","type":"post","link":"https:\/\/blogs.fu-berlin.de\/bibliotheken\/2009\/04\/15\/world-digital-library-startet-am-21-april-2009\/","title":{"rendered":"World Digital Library startet am 21. April 2009"},"content":{"rendered":"<p><a href=\"https:\/\/www.wdl.org\/en\/\"><img decoding=\"async\" src=\"https:\/\/www.worlddigitallibrary.org\/project\/english\/images\/wdl_logo.gif\" align=\"right\" height=\"78\"><\/a>Auf der UNESCO General Conference in Paris im Oktober 2007 wurde der Prototyp der zuk\u00fcnftigen <a href=\"https:\/\/www.wdl.org\/en\/\">World Digital Library<\/a> vorgestellt. Das Projekt wird getragen von der Library of Congress, der UNESCO, der IFLA und verschiedenen Partner-Bibliotheken aus Brasilien, \u00c4gypten und Russland. Die World Digital Library will historisch bedeutsame Dokumente aus allen Regionen der Welt digitalisieren und \u00fcber das Internet zug\u00e4nglich machen. Die Benutzeroberfl\u00e4che soll in mehreren Sprachen und Schriftzeichen funktionieren.<br \/>\nSie baut auf dem bereits bestehenden UNESCO-Projekt <a href=\"https:\/\/portal.unesco.org\/ci\/en\/ev.php-URL_ID=1538&amp;URL_DO=DO_TOPIC&amp;URL_SECTION=201.html\">&#8222;Memory of the World&#8220;<\/a> auf.<br \/> <br \/>\nNach 4 Jahren der Planung wird die World Digital Library am 21. April starten. Wir k\u00f6nnen gespannt sein, ob der Server dem ersten Ansturm von Neugierigen standh\u00e4lt oder wie bei der Europeana erstmal zusammenbricht.<\/p>\n<p>Ich empfehle vorab schon mal das <a href=\"https:\/\/www.worlddigitallibrary.org\/project\/english\/prototype.html\">Concept-Video <\/a>, das  Appetit auf mehr macht.<\/p>\n","protected":false},"excerpt":{"rendered":"<p>Auf der UNESCO General Conference in Paris im Oktober 2007 wurde der Prototyp der zuk\u00fcnftigen World Digital Library vorgestellt. Das Projekt wird getragen von der Library of Congress, der UNESCO, der IFLA und verschiedenen Partner-Bibliotheken aus Brasilien, \u00c4gypten und Russland. Die World Digital Library will historisch bedeutsame Dokumente aus allen Regionen der Welt digitalisieren und &hellip; <a href=\"https:\/\/blogs.fu-berlin.de\/bibliotheken\/2009\/04\/15\/world-digital-library-startet-am-21-april-2009\/\" class=\"more-link\"><span class=\"screen-reader-text\">\u201eWorld Digital Library startet am 21. April 2009\u201c<\/span> weiterlesen<\/a><\/p>\n","protected":false},"author":265,"featured_media":0,"comment_status":"open","ping_status":"open","sticky":false,"template":"","format":"standard","meta":{"footnotes":""},"categories":[9,457,604],"tags":[665],"class_list":["post-624","post","type-post","status-publish","format-standard","hentry","category-allgemein","category-digitale-bibliothek","category-ins-netz-geschaut","tag-world-digital-library"],"_links":{"self":[{"href":"https:\/\/blogs.fu-berlin.de\/bibliotheken\/wp-json\/wp\/v2\/posts\/624","targetHints":{"allow":["GET"]}}],"collection":[{"href":"https:\/\/blogs.fu-berlin.de\/bibliotheken\/wp-json\/wp\/v2\/posts"}],"about":[{"href":"https:\/\/blogs.fu-berlin.de\/bibliotheken\/wp-json\/wp\/v2\/types\/post"}],"author":[{"embeddable":true,"href":"https:\/\/blogs.fu-berlin.de\/bibliotheken\/wp-json\/wp\/v2\/users\/265"}],"replies":[{"embeddable":true,"href":"https:\/\/blogs.fu-berlin.de\/bibliotheken\/wp-json\/wp\/v2\/comments?post=624"}],"version-history":[{"count":11,"href":"https:\/\/blogs.fu-berlin.de\/bibliotheken\/wp-json\/wp\/v2\/posts\/624\/revisions"}],"predecessor-version":[{"id":779,"href":"https:\/\/blogs.fu-berlin.de\/bibliotheken\/wp-json\/wp\/v2\/posts\/624\/revisions\/779"}],"wp:attachment":[{"href":"https:\/\/blogs.fu-berlin.de\/bibliotheken\/wp-json\/wp\/v2\/media?parent=624"}],"wp:term":[{"taxonomy":"category","embeddable":true,"href":"https:\/\/blogs.fu-berlin.de\/bibliotheken\/wp-json\/wp\/v2\/categories?post=624"},{"taxonomy":"post_tag","embeddable":true,"href":"https:\/\/blogs.fu-berlin.de\/bibliotheken\/wp-json\/wp\/v2\/tags?post=624"}],"curies":[{"name":"wp","href":"https:\/\/api.w.org\/{rel}","templated":true}]}}