{"id":6447,"date":"2010-10-29T15:31:45","date_gmt":"2010-10-29T14:31:45","guid":{"rendered":"https:\/\/blogs.fu-berlin.de\/bibliotheken\/?p=6447"},"modified":"2010-10-29T15:31:45","modified_gmt":"2010-10-29T14:31:45","slug":"lang-lebe-das-buch-1-0","status":"publish","type":"post","link":"https:\/\/blogs.fu-berlin.de\/bibliotheken\/2010\/10\/29\/lang-lebe-das-buch-1-0\/","title":{"rendered":"Lang lebe das &#8222;Buch 1.0&#8220;"},"content":{"rendered":"<p>Der Tod des herk\u00f6mmlichen Buches wurde schon mehrmals vorhergesagt. In den USA nehmen die E-Book-Verk\u00e4ufe rasant zu. Nun erscheinen auch in Deutschland Leseger\u00e4te und elektronische B\u00fccher zu erschwinglicheren Preisen. Und w\u00e4hrend in Amsterdam gerade \u00fcber die <a href=\"https:\/\/basedow1764.wordpress.com\/2010\/10\/28\/die-bibliothek-von-morgen\/\">\u201eBibliothek ohne B\u00fccher\u201c<\/a> nachgedacht wird, l\u00e4sst die entsprechende Gegenbewegung nicht lange auf sich warten. So bricht Welt-Feuilletonist Peter Praschl heute in seiner Glosse <a href=\"https:\/\/www.welt.de\/print\/die_welt\/kultur\/article10607395\/He-du-Raus-aus-meinem-Buch.html\">\u201eHe, du! Raus aus meinem Buch!\u201c<\/a> eine Lanze f\u00fcr das gute, alte gedruckte \u201eBuch 1.0\u201c. Skurriler muten da diverse Videos an, die schon seit l\u00e4ngerer Zeit in der internationalen BiblioBlogosph\u00e4re zirkulieren. Neben Lane Smiths <a href=\"https:\/\/www.youtube.com\/watch?v=Y4U8jlhcHr0\">\u201eIt\u2019s a Book\u201c<\/a> wird u. a. in folgendem spanischsprachigen Youtube-Video (mit deutschen Untertiteln) mit Schmunzeln das Digitale Zeitalter aufs Korn genommen:<\/p>\n<p><object classid=\"d27cdb6e-ae6d-11cf-96b8-444553540000\" width=\"340\" height=\"285\" codebase=\"https:\/\/download.macromedia.com\/pub\/shockwave\/cabs\/flash\/swflash.cab#version=6,0,40,0\"><param name=\"allowFullScreen\" value=\"true\" \/><param name=\"allowscriptaccess\" value=\"always\" \/><param name=\"src\" value=\"https:\/\/www.youtube.com\/v\/01lKFuA__VM?fs=1&amp;hl=de_DE&amp;color1=0x2b405b&amp;color2=0x6b8ab6\" \/><param name=\"allowfullscreen\" value=\"true\" \/><embed type=\"application\/x-shockwave-flash\" width=\"340\" height=\"285\" src=\"https:\/\/www.youtube.com\/v\/01lKFuA__VM?fs=1&amp;hl=de_DE&amp;color1=0x2b405b&amp;color2=0x6b8ab6\"><\/embed><\/object><\/p>\n<h6>Danke f\u00fcr die Anregung an Luisa Kegel aus der Bereichsbibliothek Chemie!<\/h6>\n","protected":false},"excerpt":{"rendered":"<p>Der Tod des herk\u00f6mmlichen Buches wurde schon mehrmals vorhergesagt. In den USA nehmen die E-Book-Verk\u00e4ufe rasant zu. Nun erscheinen auch in Deutschland Leseger\u00e4te und elektronische B\u00fccher zu erschwinglicheren Preisen. Und w\u00e4hrend in Amsterdam gerade \u00fcber die \u201eBibliothek ohne B\u00fccher\u201c nachgedacht wird, l\u00e4sst die entsprechende Gegenbewegung nicht lange auf sich warten. So bricht Welt-Feuilletonist Peter Praschl &hellip; <a href=\"https:\/\/blogs.fu-berlin.de\/bibliotheken\/2010\/10\/29\/lang-lebe-das-buch-1-0\/\" class=\"more-link\"><span class=\"screen-reader-text\">\u201eLang lebe das &#8222;Buch 1.0&#8220;\u201c<\/span> weiterlesen<\/a><\/p>\n","protected":false},"author":293,"featured_media":0,"comment_status":"open","ping_status":"open","sticky":false,"template":"","format":"standard","meta":{"footnotes":""},"categories":[604],"tags":[32,2045],"class_list":["post-6447","post","type-post","status-publish","format-standard","hentry","category-ins-netz-geschaut","tag-e-books","tag-libraryfun"],"_links":{"self":[{"href":"https:\/\/blogs.fu-berlin.de\/bibliotheken\/wp-json\/wp\/v2\/posts\/6447","targetHints":{"allow":["GET"]}}],"collection":[{"href":"https:\/\/blogs.fu-berlin.de\/bibliotheken\/wp-json\/wp\/v2\/posts"}],"about":[{"href":"https:\/\/blogs.fu-berlin.de\/bibliotheken\/wp-json\/wp\/v2\/types\/post"}],"author":[{"embeddable":true,"href":"https:\/\/blogs.fu-berlin.de\/bibliotheken\/wp-json\/wp\/v2\/users\/293"}],"replies":[{"embeddable":true,"href":"https:\/\/blogs.fu-berlin.de\/bibliotheken\/wp-json\/wp\/v2\/comments?post=6447"}],"version-history":[{"count":5,"href":"https:\/\/blogs.fu-berlin.de\/bibliotheken\/wp-json\/wp\/v2\/posts\/6447\/revisions"}],"predecessor-version":[{"id":6452,"href":"https:\/\/blogs.fu-berlin.de\/bibliotheken\/wp-json\/wp\/v2\/posts\/6447\/revisions\/6452"}],"wp:attachment":[{"href":"https:\/\/blogs.fu-berlin.de\/bibliotheken\/wp-json\/wp\/v2\/media?parent=6447"}],"wp:term":[{"taxonomy":"category","embeddable":true,"href":"https:\/\/blogs.fu-berlin.de\/bibliotheken\/wp-json\/wp\/v2\/categories?post=6447"},{"taxonomy":"post_tag","embeddable":true,"href":"https:\/\/blogs.fu-berlin.de\/bibliotheken\/wp-json\/wp\/v2\/tags?post=6447"}],"curies":[{"name":"wp","href":"https:\/\/api.w.org\/{rel}","templated":true}]}}