{"id":651,"date":"2009-04-16T12:50:27","date_gmt":"2009-04-16T11:50:27","guid":{"rendered":"https:\/\/blogs.fu-berlin.de\/bibliotheken\/?p=651"},"modified":"2009-04-16T12:52:06","modified_gmt":"2009-04-16T11:52:06","slug":"virtuell-durch-die-ub","status":"publish","type":"post","link":"https:\/\/blogs.fu-berlin.de\/bibliotheken\/2009\/04\/16\/virtuell-durch-die-ub\/","title":{"rendered":"Virtuell durch die UB!?"},"content":{"rendered":"<p>Wo ist der Lesesaal? Oder die Leihstelle? Welche B\u00fccher m\u00fcssen bestellt werden und welche nicht? Wann ist die Bibliothek ge\u00f6ffnet? Fragen \u00fcber Fragen, wenn man neu ist &#8211; denn jede Bibliothek ist ein bisschen anders organisiert. <\/p>\n<p>Wenn Sie die Universit\u00e4tsbibliothek (UB) kennen lernen m\u00f6chten, dann k\u00f6nnen Sie ja &#8218;mal zu einer unserer 90min\u00fctigen <a href=\"https:\/\/www.ub.fu-berlin.de\/service_neu\/fuehrung\/\">Einf\u00fchrungen<\/a> kommen, die jeden 2. Mittwoch w\u00e4hrend der Vorlesungszeit stattfinden. Anmeldung unter: (030) 838-542 73. <\/p>\n<p>Falls Sie aber ganz spontan mal Lust auf eine F\u00fchrung (am PC) bekommen sollten &#8211; die <a href=\"https:\/\/www.ub.fu-berlin.de\/service_neu\/fuehrung\/virtour\/\">Virtuelle F\u00fchrung durch die UB<\/a> ist immer f\u00fcr Sie da!<br \/>\n\u00dcbrigens auch in <a href=\"https:\/\/www.ub.fu-berlin.de\/en\/service_neu\/fuehrung\/virtour\/\">englischer Sprache<\/a>, wenn Ihnen das lieber sein sollte. \ud83d\ude42<\/p>\n","protected":false},"excerpt":{"rendered":"<p>Wo ist der Lesesaal? Oder die Leihstelle? Welche B\u00fccher m\u00fcssen bestellt werden und welche nicht? Wann ist die Bibliothek ge\u00f6ffnet? Fragen \u00fcber Fragen, wenn man neu ist &#8211; denn jede Bibliothek ist ein bisschen anders organisiert. Wenn Sie die Universit\u00e4tsbibliothek (UB) kennen lernen m\u00f6chten, dann k\u00f6nnen Sie ja &#8218;mal zu einer unserer 90min\u00fctigen Einf\u00fchrungen kommen, &hellip; <a href=\"https:\/\/blogs.fu-berlin.de\/bibliotheken\/2009\/04\/16\/virtuell-durch-die-ub\/\" class=\"more-link\"><span class=\"screen-reader-text\">\u201eVirtuell durch die UB!?\u201c<\/span> weiterlesen<\/a><\/p>\n","protected":false},"author":265,"featured_media":0,"comment_status":"open","ping_status":"open","sticky":false,"template":"","format":"standard","meta":{"footnotes":""},"categories":[491,601],"tags":[679,678,505,674],"class_list":["post-651","post","type-post","status-publish","format-standard","hentry","category-lernangebote-kurse","category-universitatsbibliothek","tag-einfuhrung","tag-fuhrung","tag-ub","tag-virtuelle-fuhrung"],"_links":{"self":[{"href":"https:\/\/blogs.fu-berlin.de\/bibliotheken\/wp-json\/wp\/v2\/posts\/651","targetHints":{"allow":["GET"]}}],"collection":[{"href":"https:\/\/blogs.fu-berlin.de\/bibliotheken\/wp-json\/wp\/v2\/posts"}],"about":[{"href":"https:\/\/blogs.fu-berlin.de\/bibliotheken\/wp-json\/wp\/v2\/types\/post"}],"author":[{"embeddable":true,"href":"https:\/\/blogs.fu-berlin.de\/bibliotheken\/wp-json\/wp\/v2\/users\/265"}],"replies":[{"embeddable":true,"href":"https:\/\/blogs.fu-berlin.de\/bibliotheken\/wp-json\/wp\/v2\/comments?post=651"}],"version-history":[{"count":8,"href":"https:\/\/blogs.fu-berlin.de\/bibliotheken\/wp-json\/wp\/v2\/posts\/651\/revisions"}],"predecessor-version":[{"id":683,"href":"https:\/\/blogs.fu-berlin.de\/bibliotheken\/wp-json\/wp\/v2\/posts\/651\/revisions\/683"}],"wp:attachment":[{"href":"https:\/\/blogs.fu-berlin.de\/bibliotheken\/wp-json\/wp\/v2\/media?parent=651"}],"wp:term":[{"taxonomy":"category","embeddable":true,"href":"https:\/\/blogs.fu-berlin.de\/bibliotheken\/wp-json\/wp\/v2\/categories?post=651"},{"taxonomy":"post_tag","embeddable":true,"href":"https:\/\/blogs.fu-berlin.de\/bibliotheken\/wp-json\/wp\/v2\/tags?post=651"}],"curies":[{"name":"wp","href":"https:\/\/api.w.org\/{rel}","templated":true}]}}