{"id":6566,"date":"2010-11-11T12:51:44","date_gmt":"2010-11-11T11:51:44","guid":{"rendered":"https:\/\/blogs.fu-berlin.de\/bibliotheken\/?p=6566"},"modified":"2010-11-11T14:46:24","modified_gmt":"2010-11-11T13:46:24","slug":"ausbildungsplatze-zu-fachangestellten-fur-medien-und-informationsdiensten-zu-vergeben","status":"publish","type":"post","link":"https:\/\/blogs.fu-berlin.de\/bibliotheken\/2010\/11\/11\/ausbildungsplatze-zu-fachangestellten-fur-medien-und-informationsdiensten-zu-vergeben\/","title":{"rendered":"Ausbildungspl\u00e4tze f\u00fcr Fachangestellte f\u00fcr Medien- und Informationsdienste zu vergeben"},"content":{"rendered":"<p>Im Bibliothekssystem der Freien Universit\u00e4t Berlin werden jedes Jahr FaMIs in der Fachrichtung Bibliothek und in unregelm\u00e4\u00dfigen Abst\u00e4nden in der Fachrichtung Archiv ausgebildet. Ausbildungsbeginn f\u00fcr den n\u00e4chsten Jahrgang ist der 1. September 2011. Fristende f\u00fcr die Bewerbungen ist der 31. Januar 2011.<\/p>\n<p>Mehr Informationen zum Berufsbild und was auf FaMIs in Bibliotheken so zukommt, finden Interessierte auf der <a href=\"https:\/\/www.ub.fu-berlin.de\/service_neu\/ausbildung\/fami\/\">Webseite der Ausbildungsbeauftragten an der UB<\/a>.<\/p>\n","protected":false},"excerpt":{"rendered":"<p>Im Bibliothekssystem der Freien Universit\u00e4t Berlin werden jedes Jahr FaMIs in der Fachrichtung Bibliothek und in unregelm\u00e4\u00dfigen Abst\u00e4nden in der Fachrichtung Archiv ausgebildet. Ausbildungsbeginn f\u00fcr den n\u00e4chsten Jahrgang ist der 1. September 2011. Fristende f\u00fcr die Bewerbungen ist der 31. Januar 2011. Mehr Informationen zum Berufsbild und was auf FaMIs in Bibliotheken so zukommt, finden &hellip; <a href=\"https:\/\/blogs.fu-berlin.de\/bibliotheken\/2010\/11\/11\/ausbildungsplatze-zu-fachangestellten-fur-medien-und-informationsdiensten-zu-vergeben\/\" class=\"more-link\"><span class=\"screen-reader-text\">\u201eAusbildungspl\u00e4tze f\u00fcr Fachangestellte f\u00fcr Medien- und Informationsdienste zu vergeben\u201c<\/span> weiterlesen<\/a><\/p>\n","protected":false},"author":265,"featured_media":0,"comment_status":"open","ping_status":"open","sticky":false,"template":"","format":"standard","meta":{"footnotes":""},"categories":[599,600,601],"tags":[529,735,989],"class_list":["post-6566","post","type-post","status-publish","format-standard","hentry","category-bibliothekswesen","category-fachbibliotheken","category-universitatsbibliothek","tag-ausbildung","tag-fami","tag-fami-ausbildung"],"_links":{"self":[{"href":"https:\/\/blogs.fu-berlin.de\/bibliotheken\/wp-json\/wp\/v2\/posts\/6566","targetHints":{"allow":["GET"]}}],"collection":[{"href":"https:\/\/blogs.fu-berlin.de\/bibliotheken\/wp-json\/wp\/v2\/posts"}],"about":[{"href":"https:\/\/blogs.fu-berlin.de\/bibliotheken\/wp-json\/wp\/v2\/types\/post"}],"author":[{"embeddable":true,"href":"https:\/\/blogs.fu-berlin.de\/bibliotheken\/wp-json\/wp\/v2\/users\/265"}],"replies":[{"embeddable":true,"href":"https:\/\/blogs.fu-berlin.de\/bibliotheken\/wp-json\/wp\/v2\/comments?post=6566"}],"version-history":[{"count":7,"href":"https:\/\/blogs.fu-berlin.de\/bibliotheken\/wp-json\/wp\/v2\/posts\/6566\/revisions"}],"predecessor-version":[{"id":6572,"href":"https:\/\/blogs.fu-berlin.de\/bibliotheken\/wp-json\/wp\/v2\/posts\/6566\/revisions\/6572"}],"wp:attachment":[{"href":"https:\/\/blogs.fu-berlin.de\/bibliotheken\/wp-json\/wp\/v2\/media?parent=6566"}],"wp:term":[{"taxonomy":"category","embeddable":true,"href":"https:\/\/blogs.fu-berlin.de\/bibliotheken\/wp-json\/wp\/v2\/categories?post=6566"},{"taxonomy":"post_tag","embeddable":true,"href":"https:\/\/blogs.fu-berlin.de\/bibliotheken\/wp-json\/wp\/v2\/tags?post=6566"}],"curies":[{"name":"wp","href":"https:\/\/api.w.org\/{rel}","templated":true}]}}