{"id":6617,"date":"2010-11-16T18:42:31","date_gmt":"2010-11-16T17:42:31","guid":{"rendered":"https:\/\/blogs.fu-berlin.de\/bibliotheken\/?p=6617"},"modified":"2010-11-16T18:47:07","modified_gmt":"2010-11-16T17:47:07","slug":"neu-im-buchregal-sozialgeschichte-der-familie-m-mitterauer","status":"publish","type":"post","link":"https:\/\/blogs.fu-berlin.de\/bibliotheken\/2010\/11\/16\/neu-im-buchregal-sozialgeschichte-der-familie-m-mitterauer\/","title":{"rendered":"Neu im Buchregal: Sozialgeschichte der Familie (M. Mitterauer)"},"content":{"rendered":"<p>Wie hei\u00dft es doch so sch\u00f6n (wird jedem Berufsanf\u00e4nger ins Stammbuch geschrieben): &#8222;Der Bibliothekar, der liest, ist verloren.&#8220; (Gilt nat\u00fcrlich auch in der weiblichen Form!). Um nicht verloren zu gehen, beende ich eiligst die zwischenzeitliche Lekt\u00fcre (beim &#8222;Verschlagworten&#8220; &#8212; &#8222;eilt sehr Gesch\u00e4ftsgang&#8220;) von <\/p>\n<p>Mitterauer, Michael :<br \/>\n<a href=\"https:\/\/sf4.ub.fu-berlin.de\/F\/?func=find-c&amp;ccl_term=sys%3D003900599\">Sozialgeschichte der Familie<\/a> : Kulturvergleich und Entwicklungsperspektiven \/ Michael Mitterauer. &#8211; 1. Aufl. &#8211; Wien : Braum\u00fcller, 2009. &#8211; 155 S. . &#8211; ISBN: 978-3-7003-1717-3. &#8211; (Basistexte &#8211; Wirtschafts- und Sozialgeschichte ; 1)<br \/>\nSignatur: 88\/2010\/ 20901<\/p>\n<p>Es handelt sich um einen spannenden Kulturvergleich, der die besonderen Entwicklungslinien der Familienstrukturen in Europa (&#8222;Western family&#8220;, Klein- bzw. Kernfamilien, vergleichsweise sp\u00e4tes Heiratsalter &#8230;) im Unterschied zu anderen Kulturkreisen herausarbeitet. Der Autor, Michael Mitterauer, ist ein international renommierter \u00f6sterreichischer Wirtschafts- und Sozialhistoriker.<\/p>\n<p>Tendenz: vormerken! Der Band ist allerdings bereits vorbestellt &#8230;   \ud83d\ude09<\/p>\n","protected":false},"excerpt":{"rendered":"<p>Wie hei\u00dft es doch so sch\u00f6n (wird jedem Berufsanf\u00e4nger ins Stammbuch geschrieben): &#8222;Der Bibliothekar, der liest, ist verloren.&#8220; (Gilt nat\u00fcrlich auch in der weiblichen Form!). Um nicht verloren zu gehen, beende ich eiligst die zwischenzeitliche Lekt\u00fcre (beim &#8222;Verschlagworten&#8220; &#8212; &#8222;eilt sehr Gesch\u00e4ftsgang&#8220;) von Mitterauer, Michael : Sozialgeschichte der Familie : Kulturvergleich und Entwicklungsperspektiven \/ Michael &hellip; <a href=\"https:\/\/blogs.fu-berlin.de\/bibliotheken\/2010\/11\/16\/neu-im-buchregal-sozialgeschichte-der-familie-m-mitterauer\/\" class=\"more-link\"><span class=\"screen-reader-text\">\u201eNeu im Buchregal: Sozialgeschichte der Familie (M. Mitterauer)\u201c<\/span> weiterlesen<\/a><\/p>\n","protected":false},"author":267,"featured_media":0,"comment_status":"open","ping_status":"open","sticky":false,"template":"","format":"standard","meta":{"footnotes":""},"categories":[492],"tags":[507,1797,2092],"class_list":["post-6617","post","type-post","status-publish","format-standard","hentry","category-literaturtipps","tag-buchtipp","tag-familie","tag-sozialgeschichte"],"_links":{"self":[{"href":"https:\/\/blogs.fu-berlin.de\/bibliotheken\/wp-json\/wp\/v2\/posts\/6617","targetHints":{"allow":["GET"]}}],"collection":[{"href":"https:\/\/blogs.fu-berlin.de\/bibliotheken\/wp-json\/wp\/v2\/posts"}],"about":[{"href":"https:\/\/blogs.fu-berlin.de\/bibliotheken\/wp-json\/wp\/v2\/types\/post"}],"author":[{"embeddable":true,"href":"https:\/\/blogs.fu-berlin.de\/bibliotheken\/wp-json\/wp\/v2\/users\/267"}],"replies":[{"embeddable":true,"href":"https:\/\/blogs.fu-berlin.de\/bibliotheken\/wp-json\/wp\/v2\/comments?post=6617"}],"version-history":[{"count":3,"href":"https:\/\/blogs.fu-berlin.de\/bibliotheken\/wp-json\/wp\/v2\/posts\/6617\/revisions"}],"predecessor-version":[{"id":6620,"href":"https:\/\/blogs.fu-berlin.de\/bibliotheken\/wp-json\/wp\/v2\/posts\/6617\/revisions\/6620"}],"wp:attachment":[{"href":"https:\/\/blogs.fu-berlin.de\/bibliotheken\/wp-json\/wp\/v2\/media?parent=6617"}],"wp:term":[{"taxonomy":"category","embeddable":true,"href":"https:\/\/blogs.fu-berlin.de\/bibliotheken\/wp-json\/wp\/v2\/categories?post=6617"},{"taxonomy":"post_tag","embeddable":true,"href":"https:\/\/blogs.fu-berlin.de\/bibliotheken\/wp-json\/wp\/v2\/tags?post=6617"}],"curies":[{"name":"wp","href":"https:\/\/api.w.org\/{rel}","templated":true}]}}