{"id":663,"date":"2009-05-20T17:44:08","date_gmt":"2009-05-20T16:44:08","guid":{"rendered":"https:\/\/blogs.fu-berlin.de\/bibliotheken\/?p=663"},"modified":"2009-08-20T12:27:12","modified_gmt":"2009-08-20T11:27:12","slug":"buchtipp-450-jahre-bayerische-staatsbibliothek-festschrift","status":"publish","type":"post","link":"https:\/\/blogs.fu-berlin.de\/bibliotheken\/2009\/05\/20\/buchtipp-450-jahre-bayerische-staatsbibliothek-festschrift\/","title":{"rendered":"Buchtipp: 450 Jahre Bayerische Staatsbibliothek: Festschrift"},"content":{"rendered":"<p>2008 feierte die Bayerische Staatsbibliothek ihr 450j\u00e4hriges Gr\u00fcndungsjubil\u00e4um. Die aus diesem Anlass herausgegebene Festschrift hat die Universit\u00e4tsbibliothek jetzt als E-Buch \u00fcber de Gruyter lizenziert (vgl. auch: <a href=\"https:\/\/www.ub.fu-berlin.de\/digibib_neu\/zugang\/\">Zugangsberechtigungen<\/a>):<\/p>\n<blockquote><p><a href=\"https:\/\/www.reference-global.com\/isbn\/978-3-598-44089-2\">Information, Innovation, Inspiration  \/ 450 Jahre Bayerische Staatsbibliothek<\/a><br \/>\nHerausgegeben von Griebel, Rolf; Ceynowa, Klaus; Haller, Klaus<br \/>\nBerlin, New York (Walter de Gruyter \u2013 K. G. Saur) 2008<br \/>\neBook ISBN: 978-3-598-44089-2<br \/>\nPrint ISBN: 978-3-598-11772-5<\/p><\/blockquote>\n<p>1558 gr\u00fcndet Herzog Albrecht V. von Bayern die wittelsbachische Hofbibliothek. 450 Jahre sp\u00e4ter haben wir in M\u00fcnchen eine Bibliothek mit einem  ehrw\u00fcrdigen Alter &#8211; aber auch  ganz modernen Anwandlungen wie z. B. den <a href=\"https:\/\/blogs.fu-berlin.de\/bibliotheken\/2009\/03\/02\/insel-der-information-bayerische-stabi-in-second-life\/\">Auftritt in Second Life<\/a>. Gratulation!<\/p>\n<p>2008 wurde die Bayerische Stabi \u00fcbrigens auch vom Deutschen Bibliotheksverband e. V. zur <a href=\"https:\/\/www.bibliotheksverband.de\/bibliothekdesjahres\/\">Bibliothek des Jahres<\/a> gek\u00fcrt.<\/p>\n","protected":false},"excerpt":{"rendered":"<p>2008 feierte die Bayerische Staatsbibliothek ihr 450j\u00e4hriges Gr\u00fcndungsjubil\u00e4um. Die aus diesem Anlass herausgegebene Festschrift hat die Universit\u00e4tsbibliothek jetzt als E-Buch \u00fcber de Gruyter lizenziert (vgl. auch: Zugangsberechtigungen): Information, Innovation, Inspiration \/ 450 Jahre Bayerische Staatsbibliothek Herausgegeben von Griebel, Rolf; Ceynowa, Klaus; Haller, Klaus Berlin, New York (Walter de Gruyter \u2013 K. G. Saur) 2008 eBook &hellip; <a href=\"https:\/\/blogs.fu-berlin.de\/bibliotheken\/2009\/05\/20\/buchtipp-450-jahre-bayerische-staatsbibliothek-festschrift\/\" class=\"more-link\"><span class=\"screen-reader-text\">\u201eBuchtipp: 450 Jahre Bayerische Staatsbibliothek: Festschrift\u201c<\/span> weiterlesen<\/a><\/p>\n","protected":false},"author":265,"featured_media":0,"comment_status":"open","ping_status":"open","sticky":false,"template":"","format":"standard","meta":{"footnotes":""},"categories":[599,492],"tags":[496,507,628],"class_list":["post-663","post","type-post","status-publish","format-standard","hentry","category-bibliothekswesen","category-literaturtipps","tag-bayerische-staatsbibliothek","tag-buchtipp","tag-festschrift"],"_links":{"self":[{"href":"https:\/\/blogs.fu-berlin.de\/bibliotheken\/wp-json\/wp\/v2\/posts\/663","targetHints":{"allow":["GET"]}}],"collection":[{"href":"https:\/\/blogs.fu-berlin.de\/bibliotheken\/wp-json\/wp\/v2\/posts"}],"about":[{"href":"https:\/\/blogs.fu-berlin.de\/bibliotheken\/wp-json\/wp\/v2\/types\/post"}],"author":[{"embeddable":true,"href":"https:\/\/blogs.fu-berlin.de\/bibliotheken\/wp-json\/wp\/v2\/users\/265"}],"replies":[{"embeddable":true,"href":"https:\/\/blogs.fu-berlin.de\/bibliotheken\/wp-json\/wp\/v2\/comments?post=663"}],"version-history":[{"count":8,"href":"https:\/\/blogs.fu-berlin.de\/bibliotheken\/wp-json\/wp\/v2\/posts\/663\/revisions"}],"predecessor-version":[{"id":2432,"href":"https:\/\/blogs.fu-berlin.de\/bibliotheken\/wp-json\/wp\/v2\/posts\/663\/revisions\/2432"}],"wp:attachment":[{"href":"https:\/\/blogs.fu-berlin.de\/bibliotheken\/wp-json\/wp\/v2\/media?parent=663"}],"wp:term":[{"taxonomy":"category","embeddable":true,"href":"https:\/\/blogs.fu-berlin.de\/bibliotheken\/wp-json\/wp\/v2\/categories?post=663"},{"taxonomy":"post_tag","embeddable":true,"href":"https:\/\/blogs.fu-berlin.de\/bibliotheken\/wp-json\/wp\/v2\/tags?post=663"}],"curies":[{"name":"wp","href":"https:\/\/api.w.org\/{rel}","templated":true}]}}