{"id":6755,"date":"2010-12-07T18:14:37","date_gmt":"2010-12-07T17:14:37","guid":{"rendered":"https:\/\/blogs.fu-berlin.de\/bibliotheken\/?p=6755"},"modified":"2010-12-09T15:55:36","modified_gmt":"2010-12-09T14:55:36","slug":"benutzungseinschrankungen-bei-internetdienstleistungen-in-den-nachsten-tagen-und-wochen","status":"publish","type":"post","link":"https:\/\/blogs.fu-berlin.de\/bibliotheken\/2010\/12\/07\/benutzungseinschrankungen-bei-internetdienstleistungen-in-den-nachsten-tagen-und-wochen\/","title":{"rendered":"Benutzungseinschr\u00e4nkungen bei Internetdienstleistungen in den n\u00e4chsten Tagen und Wochen"},"content":{"rendered":"<p>Aufgrund von Serververlagerungen ist es in letzter Zeit schon vereinzelt zu Einschr\u00e4nkungen der Internetdienstleistungen der FU-Bibliotheken gekommen.<\/p>\n<p>Folgende kleinere Baustellen stehen demn\u00e4chst an:<\/p>\n<p><strong>Dissertations- und Dokumentenserver<\/strong> werden am Donnerstag den 9.12.2010 um 15 Uhr abgestellt und werden voraussichtlich Freitag den 10.12.2010 ab 10 Uhr wieder verf\u00fcgbar sein.<\/p>\n<p>Alle Terminalserver bezogenen Dienste stehen am Freitag den 17.12.10 ab 15 Uhr nicht zur Verf\u00fcgung. Dies betrifft die <strong>CDROM-Datenbanken<\/strong> und die Terminalserver-Anwendungen der <strong>Igel-ThinClients (Word-, Excel-, Powerpointviewer)<\/strong>.<br \/>\nDie Verlagerung der Server wird mindestens 40 Stunden in Anspruch nehmen und der Betrieb wird Sonntag Nachmittag wieder aufgenommen.<\/p>\n<p>Weitere g\u00f6ssere Ausf\u00e4lle wird es zwischen den Feiertagen geben, wor\u00fcber eine<a href=\"https:\/\/www.ub.fu-berlin.de\/news\/jahreswechsel1011.html\"> Info-Seite der Universit\u00e4tsbibliothek <\/a>informiert.<\/p>\n<p>Wir bitten um Verst\u00e4ndnis!<\/p>\n","protected":false},"excerpt":{"rendered":"<p>Aufgrund von Serververlagerungen ist es in letzter Zeit schon vereinzelt zu Einschr\u00e4nkungen der Internetdienstleistungen der FU-Bibliotheken gekommen. Folgende kleinere Baustellen stehen demn\u00e4chst an: Dissertations- und Dokumentenserver werden am Donnerstag den 9.12.2010 um 15 Uhr abgestellt und werden voraussichtlich Freitag den 10.12.2010 ab 10 Uhr wieder verf\u00fcgbar sein. Alle Terminalserver bezogenen Dienste stehen am Freitag den &hellip; <a href=\"https:\/\/blogs.fu-berlin.de\/bibliotheken\/2010\/12\/07\/benutzungseinschrankungen-bei-internetdienstleistungen-in-den-nachsten-tagen-und-wochen\/\" class=\"more-link\"><span class=\"screen-reader-text\">\u201eBenutzungseinschr\u00e4nkungen bei Internetdienstleistungen in den n\u00e4chsten Tagen und Wochen\u201c<\/span> weiterlesen<\/a><\/p>\n","protected":false},"author":265,"featured_media":0,"comment_status":"open","ping_status":"open","sticky":false,"template":"","format":"standard","meta":{"footnotes":""},"categories":[600,601],"tags":[2127],"class_list":["post-6755","post","type-post","status-publish","format-standard","hentry","category-fachbibliotheken","category-universitatsbibliothek","tag-serververlagerung"],"_links":{"self":[{"href":"https:\/\/blogs.fu-berlin.de\/bibliotheken\/wp-json\/wp\/v2\/posts\/6755","targetHints":{"allow":["GET"]}}],"collection":[{"href":"https:\/\/blogs.fu-berlin.de\/bibliotheken\/wp-json\/wp\/v2\/posts"}],"about":[{"href":"https:\/\/blogs.fu-berlin.de\/bibliotheken\/wp-json\/wp\/v2\/types\/post"}],"author":[{"embeddable":true,"href":"https:\/\/blogs.fu-berlin.de\/bibliotheken\/wp-json\/wp\/v2\/users\/265"}],"replies":[{"embeddable":true,"href":"https:\/\/blogs.fu-berlin.de\/bibliotheken\/wp-json\/wp\/v2\/comments?post=6755"}],"version-history":[{"count":9,"href":"https:\/\/blogs.fu-berlin.de\/bibliotheken\/wp-json\/wp\/v2\/posts\/6755\/revisions"}],"predecessor-version":[{"id":6789,"href":"https:\/\/blogs.fu-berlin.de\/bibliotheken\/wp-json\/wp\/v2\/posts\/6755\/revisions\/6789"}],"wp:attachment":[{"href":"https:\/\/blogs.fu-berlin.de\/bibliotheken\/wp-json\/wp\/v2\/media?parent=6755"}],"wp:term":[{"taxonomy":"category","embeddable":true,"href":"https:\/\/blogs.fu-berlin.de\/bibliotheken\/wp-json\/wp\/v2\/categories?post=6755"},{"taxonomy":"post_tag","embeddable":true,"href":"https:\/\/blogs.fu-berlin.de\/bibliotheken\/wp-json\/wp\/v2\/tags?post=6755"}],"curies":[{"name":"wp","href":"https:\/\/api.w.org\/{rel}","templated":true}]}}