{"id":6778,"date":"2010-12-09T15:30:35","date_gmt":"2010-12-09T14:30:35","guid":{"rendered":"https:\/\/blogs.fu-berlin.de\/bibliotheken\/?p=6778"},"modified":"2010-12-09T15:36:56","modified_gmt":"2010-12-09T14:36:56","slug":"rock-in-the-library-ii","status":"publish","type":"post","link":"https:\/\/blogs.fu-berlin.de\/bibliotheken\/2010\/12\/09\/rock-in-the-library-ii\/","title":{"rendered":"Rock in the Library II"},"content":{"rendered":"<p>Vor einem Jahr richtete die <a href=\"https:\/\/www.jura.fu-berlin.de\/bibliothek\/\">Rechtswissenschaftliche Bibliothek<\/a> unter dem Titel \u201eRock in the Library\u201c ein Benefizkonzert im freiger\u00e4umten Lesesaal aus (das <a href=\"https:\/\/blogs.fu-berlin.de\/bibliotheken\/2009\/11\/17\/rock-in-the-library\/\">BiblioBlog berichtete<\/a>). 2010 darf sich auf eine Fortsetzung gefreut werden &#8211; Rock in the Library II wartet erneut mit Uniprofessor Dr. Martin Schwab auf, der Rock-Nummern und Balladen zum Besten gibt. Auch die Gruppe <em>Broekhuis, Keller,  Sch\u00f6nw\u00e4lder<\/em> ist mit ihren Trance- und Ambient-Kl\u00e4ngen wieder mit dabei.<\/p>\n<p>Das Benefizkonzert, bei dem erneut Geld f\u00fcr Garderobenschlie\u00dffachschr\u00e4nke gesammelt wird, findet am <strong>Freitag, den 10. Dezember<\/strong>, in den Leses\u00e4len der Bibliothek f\u00fcr Rechtswissenschaft (Van\u2019t-Hoff-Str. 8, Campus Dahlem) statt. Einlass ist ab 20:30, das Konzert selbst beginnt um 21:00 Uhr. Eintrittspreise: Studenten 3,00 Euro; alle anderen 5,00 Euro. Auch die ein oder andere Spende ist willkommen!<\/p>\n","protected":false},"excerpt":{"rendered":"<p>Vor einem Jahr richtete die Rechtswissenschaftliche Bibliothek unter dem Titel \u201eRock in the Library\u201c ein Benefizkonzert im freiger\u00e4umten Lesesaal aus (das BiblioBlog berichtete). 2010 darf sich auf eine Fortsetzung gefreut werden &#8211; Rock in the Library II wartet erneut mit Uniprofessor Dr. Martin Schwab auf, der Rock-Nummern und Balladen zum Besten gibt. Auch die Gruppe &hellip; <a href=\"https:\/\/blogs.fu-berlin.de\/bibliotheken\/2010\/12\/09\/rock-in-the-library-ii\/\" class=\"more-link\"><span class=\"screen-reader-text\">\u201eRock in the Library II\u201c<\/span> weiterlesen<\/a><\/p>\n","protected":false},"author":293,"featured_media":0,"comment_status":"open","ping_status":"open","sticky":false,"template":"","format":"standard","meta":{"footnotes":""},"categories":[600,70],"tags":[2128,819],"class_list":["post-6778","post","type-post","status-publish","format-standard","hentry","category-fachbibliotheken","category-veranstaltungen","tag-benefizkonzert","tag-bibliothek-des-fachbereichs-rechtswissenschaft"],"_links":{"self":[{"href":"https:\/\/blogs.fu-berlin.de\/bibliotheken\/wp-json\/wp\/v2\/posts\/6778","targetHints":{"allow":["GET"]}}],"collection":[{"href":"https:\/\/blogs.fu-berlin.de\/bibliotheken\/wp-json\/wp\/v2\/posts"}],"about":[{"href":"https:\/\/blogs.fu-berlin.de\/bibliotheken\/wp-json\/wp\/v2\/types\/post"}],"author":[{"embeddable":true,"href":"https:\/\/blogs.fu-berlin.de\/bibliotheken\/wp-json\/wp\/v2\/users\/293"}],"replies":[{"embeddable":true,"href":"https:\/\/blogs.fu-berlin.de\/bibliotheken\/wp-json\/wp\/v2\/comments?post=6778"}],"version-history":[{"count":9,"href":"https:\/\/blogs.fu-berlin.de\/bibliotheken\/wp-json\/wp\/v2\/posts\/6778\/revisions"}],"predecessor-version":[{"id":6786,"href":"https:\/\/blogs.fu-berlin.de\/bibliotheken\/wp-json\/wp\/v2\/posts\/6778\/revisions\/6786"}],"wp:attachment":[{"href":"https:\/\/blogs.fu-berlin.de\/bibliotheken\/wp-json\/wp\/v2\/media?parent=6778"}],"wp:term":[{"taxonomy":"category","embeddable":true,"href":"https:\/\/blogs.fu-berlin.de\/bibliotheken\/wp-json\/wp\/v2\/categories?post=6778"},{"taxonomy":"post_tag","embeddable":true,"href":"https:\/\/blogs.fu-berlin.de\/bibliotheken\/wp-json\/wp\/v2\/tags?post=6778"}],"curies":[{"name":"wp","href":"https:\/\/api.w.org\/{rel}","templated":true}]}}