{"id":6843,"date":"2011-01-05T09:12:16","date_gmt":"2011-01-05T08:12:16","guid":{"rendered":"https:\/\/blogs.fu-berlin.de\/bibliotheken\/?p=6843"},"modified":"2011-01-05T09:12:16","modified_gmt":"2011-01-05T08:12:16","slug":"link-des-monats-januar-2011-leibnizcentral","status":"publish","type":"post","link":"https:\/\/blogs.fu-berlin.de\/bibliotheken\/2011\/01\/05\/link-des-monats-januar-2011-leibnizcentral\/","title":{"rendered":"Link des Monats Januar 2011: LeibnizCentral"},"content":{"rendered":"<p>Es ist noch gar nicht so lange her, dass die Landeshauptstadt Hannover einen ihrer wohl gr\u00f6\u00dften K\u00f6pfe entdeckt hat. Gemeint ist der Universalgelehrte Gottfried Wilhelm Leibniz. <\/p>\n<p>In der nach ihm benannten Bibliothek in Hannover wurde im August 2010 das Internet-Forschungsportal &#8222;LeibnizCentral&#8220; in Anwesenheit von viel Prominenz aus Politik und Wissenschaft freigeschaltet, das der<a href=\"https:\/\/www.ub.fu-berlin.de\/service_neu\/linktipp\/1101.html\"> Link des Monats Januar 2011<\/a> ist.<\/p>\n","protected":false},"excerpt":{"rendered":"<p>Es ist noch gar nicht so lange her, dass die Landeshauptstadt Hannover einen ihrer wohl gr\u00f6\u00dften K\u00f6pfe entdeckt hat. Gemeint ist der Universalgelehrte Gottfried Wilhelm Leibniz. In der nach ihm benannten Bibliothek in Hannover wurde im August 2010 das Internet-Forschungsportal &#8222;LeibnizCentral&#8220; in Anwesenheit von viel Prominenz aus Politik und Wissenschaft freigeschaltet, das der Link des &hellip; <a href=\"https:\/\/blogs.fu-berlin.de\/bibliotheken\/2011\/01\/05\/link-des-monats-januar-2011-leibnizcentral\/\" class=\"more-link\"><span class=\"screen-reader-text\">\u201eLink des Monats Januar 2011: LeibnizCentral\u201c<\/span> weiterlesen<\/a><\/p>\n","protected":false},"author":265,"featured_media":0,"comment_status":"open","ping_status":"open","sticky":false,"template":"","format":"standard","meta":{"footnotes":""},"categories":[604],"tags":[2139,537],"class_list":["post-6843","post","type-post","status-publish","format-standard","hentry","category-ins-netz-geschaut","tag-leibnizcentral","tag-link-des-monats"],"_links":{"self":[{"href":"https:\/\/blogs.fu-berlin.de\/bibliotheken\/wp-json\/wp\/v2\/posts\/6843","targetHints":{"allow":["GET"]}}],"collection":[{"href":"https:\/\/blogs.fu-berlin.de\/bibliotheken\/wp-json\/wp\/v2\/posts"}],"about":[{"href":"https:\/\/blogs.fu-berlin.de\/bibliotheken\/wp-json\/wp\/v2\/types\/post"}],"author":[{"embeddable":true,"href":"https:\/\/blogs.fu-berlin.de\/bibliotheken\/wp-json\/wp\/v2\/users\/265"}],"replies":[{"embeddable":true,"href":"https:\/\/blogs.fu-berlin.de\/bibliotheken\/wp-json\/wp\/v2\/comments?post=6843"}],"version-history":[{"count":4,"href":"https:\/\/blogs.fu-berlin.de\/bibliotheken\/wp-json\/wp\/v2\/posts\/6843\/revisions"}],"predecessor-version":[{"id":6879,"href":"https:\/\/blogs.fu-berlin.de\/bibliotheken\/wp-json\/wp\/v2\/posts\/6843\/revisions\/6879"}],"wp:attachment":[{"href":"https:\/\/blogs.fu-berlin.de\/bibliotheken\/wp-json\/wp\/v2\/media?parent=6843"}],"wp:term":[{"taxonomy":"category","embeddable":true,"href":"https:\/\/blogs.fu-berlin.de\/bibliotheken\/wp-json\/wp\/v2\/categories?post=6843"},{"taxonomy":"post_tag","embeddable":true,"href":"https:\/\/blogs.fu-berlin.de\/bibliotheken\/wp-json\/wp\/v2\/tags?post=6843"}],"curies":[{"name":"wp","href":"https:\/\/api.w.org\/{rel}","templated":true}]}}