{"id":6908,"date":"2011-01-10T13:26:50","date_gmt":"2011-01-10T12:26:50","guid":{"rendered":"https:\/\/blogs.fu-berlin.de\/bibliotheken\/?p=6908"},"modified":"2011-01-11T09:59:00","modified_gmt":"2011-01-11T08:59:00","slug":"berliner-literaturpreis-geht-an-thomas-lehr","status":"publish","type":"post","link":"https:\/\/blogs.fu-berlin.de\/bibliotheken\/2011\/01\/10\/berliner-literaturpreis-geht-an-thomas-lehr\/","title":{"rendered":"Berliner Literaturpreis geht an Thomas Lehr"},"content":{"rendered":"<p>Der Regierende B\u00fcrgermeister von Berlin, Klaus Wowereit, verleiht am 9. Februar 2011 um 19 Uhr im Berliner Rathaus im Rahmen eines Festaktes mit geladenen G\u00e4sten den mit 30.000 Euro dotierten &#8222;Berliner Literaturpreis&#8220; der Stiftung Preu\u00dfische Seehandlung an Thomas Lehr.<\/p>\n<p>Zugleich wird der Pr\u00e4sident der Freien Universit\u00e4t Berlin, Univ.-Prof. Dr. Peter-Andr\u00e9 Alt, den Preistr\u00e4ger auf die &#8222;Heiner-M\u00fcller-Gastprofessur f\u00fcr deutschsprachige Poetik&#8220; am Peter Szondi-Institut f\u00fcr Allgemeine und Vergleichende Literaturwissenschaft der Freien Universit\u00e4t Berlin berufen.<\/p>\n<p>Mehr \u00fcber <a href=\"https:\/\/www.geisteswissenschaften.fu-berlin.de\/we03\/gastprofessuren\/heiner_mueller\/index.html\">Thomas Lehr auf der Webseite des Peter-Szondi-Instituts<\/a>.<\/p>\n<p>Sein neuestes Buch, 2010 im Hanser Verlag mit dem Titel <a href=\"https:\/\/opac.fu-berlin.de\/?func=find-e&amp;request=thomas+lehr+september&amp;find_scan_code=FIND_WRD&amp;adjacent=N\">&#8222;September&#8220;<\/a> erschienen, kann in der UB ausgeliehen werden.<\/p>\n","protected":false},"excerpt":{"rendered":"<p>Der Regierende B\u00fcrgermeister von Berlin, Klaus Wowereit, verleiht am 9. Februar 2011 um 19 Uhr im Berliner Rathaus im Rahmen eines Festaktes mit geladenen G\u00e4sten den mit 30.000 Euro dotierten &#8222;Berliner Literaturpreis&#8220; der Stiftung Preu\u00dfische Seehandlung an Thomas Lehr. Zugleich wird der Pr\u00e4sident der Freien Universit\u00e4t Berlin, Univ.-Prof. Dr. Peter-Andr\u00e9 Alt, den Preistr\u00e4ger auf die &hellip; <a href=\"https:\/\/blogs.fu-berlin.de\/bibliotheken\/2011\/01\/10\/berliner-literaturpreis-geht-an-thomas-lehr\/\" class=\"more-link\"><span class=\"screen-reader-text\">\u201eBerliner Literaturpreis geht an Thomas Lehr\u201c<\/span> weiterlesen<\/a><\/p>\n","protected":false},"author":265,"featured_media":0,"comment_status":"open","ping_status":"open","sticky":false,"template":"","format":"standard","meta":{"footnotes":""},"categories":[9],"tags":[2163,2162],"class_list":["post-6908","post","type-post","status-publish","format-standard","hentry","category-allgemein","tag-berliner-literaturpreis","tag-heiner-muller-gastprofessur"],"_links":{"self":[{"href":"https:\/\/blogs.fu-berlin.de\/bibliotheken\/wp-json\/wp\/v2\/posts\/6908","targetHints":{"allow":["GET"]}}],"collection":[{"href":"https:\/\/blogs.fu-berlin.de\/bibliotheken\/wp-json\/wp\/v2\/posts"}],"about":[{"href":"https:\/\/blogs.fu-berlin.de\/bibliotheken\/wp-json\/wp\/v2\/types\/post"}],"author":[{"embeddable":true,"href":"https:\/\/blogs.fu-berlin.de\/bibliotheken\/wp-json\/wp\/v2\/users\/265"}],"replies":[{"embeddable":true,"href":"https:\/\/blogs.fu-berlin.de\/bibliotheken\/wp-json\/wp\/v2\/comments?post=6908"}],"version-history":[{"count":9,"href":"https:\/\/blogs.fu-berlin.de\/bibliotheken\/wp-json\/wp\/v2\/posts\/6908\/revisions"}],"predecessor-version":[{"id":6918,"href":"https:\/\/blogs.fu-berlin.de\/bibliotheken\/wp-json\/wp\/v2\/posts\/6908\/revisions\/6918"}],"wp:attachment":[{"href":"https:\/\/blogs.fu-berlin.de\/bibliotheken\/wp-json\/wp\/v2\/media?parent=6908"}],"wp:term":[{"taxonomy":"category","embeddable":true,"href":"https:\/\/blogs.fu-berlin.de\/bibliotheken\/wp-json\/wp\/v2\/categories?post=6908"},{"taxonomy":"post_tag","embeddable":true,"href":"https:\/\/blogs.fu-berlin.de\/bibliotheken\/wp-json\/wp\/v2\/tags?post=6908"}],"curies":[{"name":"wp","href":"https:\/\/api.w.org\/{rel}","templated":true}]}}