{"id":7008,"date":"2011-01-20T13:13:30","date_gmt":"2011-01-20T12:13:30","guid":{"rendered":"https:\/\/blogs.fu-berlin.de\/bibliotheken\/?p=7008"},"modified":"2011-01-20T13:13:30","modified_gmt":"2011-01-20T12:13:30","slug":"ausstellungseroffnung-in-der-bibliothek-des-kennedy-instituts","status":"publish","type":"post","link":"https:\/\/blogs.fu-berlin.de\/bibliotheken\/2011\/01\/20\/ausstellungseroffnung-in-der-bibliothek-des-kennedy-instituts\/","title":{"rendered":"Ausstellungser\u00f6ffnung in der Bibliothek des Kennedy-Instituts"},"content":{"rendered":"<p>Am Freitag, den 11. Februar um 18:00 Uhr er\u00f6ffnet das John-F.-Kennedy-Institut die Fotoausstellung WorkSpace Canada in den R\u00e4umen seiner Bibliothek. Die Bibliothek schlie\u00dft daher an diesem Tag ausnahmsweise bereits um 17:30 Uhr. Wir bitten um Entschuldigung f\u00fcr entstehende Unannehmlichkeiten und laden Sie herzlich ein, an der Er\u00f6ffnung teilzunehmen.<\/p>\n","protected":false},"excerpt":{"rendered":"<p>Am Freitag, den 11. Februar um 18:00 Uhr er\u00f6ffnet das John-F.-Kennedy-Institut die Fotoausstellung WorkSpace Canada in den R\u00e4umen seiner Bibliothek. Die Bibliothek schlie\u00dft daher an diesem Tag ausnahmsweise bereits um 17:30 Uhr. Wir bitten um Entschuldigung f\u00fcr entstehende Unannehmlichkeiten und laden Sie herzlich ein, an der Er\u00f6ffnung teilzunehmen.<\/p>\n","protected":false},"author":302,"featured_media":0,"comment_status":"open","ping_status":"open","sticky":false,"template":"","format":"standard","meta":{"footnotes":""},"categories":[600,70],"tags":[581,950,641,2102],"class_list":["post-7008","post","type-post","status-publish","format-standard","hentry","category-fachbibliotheken","category-veranstaltungen","tag-ausstellung","tag-jfki","tag-offnungszeiten","tag-veranstaltung"],"_links":{"self":[{"href":"https:\/\/blogs.fu-berlin.de\/bibliotheken\/wp-json\/wp\/v2\/posts\/7008","targetHints":{"allow":["GET"]}}],"collection":[{"href":"https:\/\/blogs.fu-berlin.de\/bibliotheken\/wp-json\/wp\/v2\/posts"}],"about":[{"href":"https:\/\/blogs.fu-berlin.de\/bibliotheken\/wp-json\/wp\/v2\/types\/post"}],"author":[{"embeddable":true,"href":"https:\/\/blogs.fu-berlin.de\/bibliotheken\/wp-json\/wp\/v2\/users\/302"}],"replies":[{"embeddable":true,"href":"https:\/\/blogs.fu-berlin.de\/bibliotheken\/wp-json\/wp\/v2\/comments?post=7008"}],"version-history":[{"count":1,"href":"https:\/\/blogs.fu-berlin.de\/bibliotheken\/wp-json\/wp\/v2\/posts\/7008\/revisions"}],"predecessor-version":[{"id":7009,"href":"https:\/\/blogs.fu-berlin.de\/bibliotheken\/wp-json\/wp\/v2\/posts\/7008\/revisions\/7009"}],"wp:attachment":[{"href":"https:\/\/blogs.fu-berlin.de\/bibliotheken\/wp-json\/wp\/v2\/media?parent=7008"}],"wp:term":[{"taxonomy":"category","embeddable":true,"href":"https:\/\/blogs.fu-berlin.de\/bibliotheken\/wp-json\/wp\/v2\/categories?post=7008"},{"taxonomy":"post_tag","embeddable":true,"href":"https:\/\/blogs.fu-berlin.de\/bibliotheken\/wp-json\/wp\/v2\/tags?post=7008"}],"curies":[{"name":"wp","href":"https:\/\/api.w.org\/{rel}","templated":true}]}}