{"id":7011,"date":"2011-01-27T17:02:26","date_gmt":"2011-01-27T16:02:26","guid":{"rendered":"https:\/\/blogs.fu-berlin.de\/bibliotheken\/?p=7011"},"modified":"2011-01-27T17:02:26","modified_gmt":"2011-01-27T16:02:26","slug":"radelnde-bibliothekare-gesucht","status":"publish","type":"post","link":"https:\/\/blogs.fu-berlin.de\/bibliotheken\/2011\/01\/27\/radelnde-bibliothekare-gesucht\/","title":{"rendered":"Radelnde Bibliothekare gesucht"},"content":{"rendered":"<p>Zehn Tage dauert die Fahrradtour <strong>&#8222;Cycling for Libraries&#8220;<\/strong>. Sie beginnt am 28. Mai in Kopenhagen, f\u00fchrt entlang des ber\u00fchmten <a href=\"https:\/\/www.bike-berlin-copenhagen.com\/index.php?id=home&amp;L=0\">Fahrradwegs R1 Berlin-Kopenhagen<\/a> und endet am 7. Juni mit einem Fahrrad-Korso durch Berlin p\u00fcnktlich zur Er\u00f6ffnung des 100. Deutschen Bibliothekartages in Berlin.<\/p>\n<p>100 radelnde Bibliothekare aus vielen L\u00e4ndern nehmen teil &#8211; an der Fahrradtour und an dem bibliothekarischen Fachaustausch entlang der Route.<\/p>\n<p><img loading=\"lazy\" decoding=\"async\" src=\"https:\/\/blogs.fu-berlin.de\/bibliotheken\/files\/2011\/01\/cyc4lib-banner2.jpg\" alt=\"\" title=\"cyc4lib-banner2\" width=\"200\" height=\"118\" align=\"right\" \/><\/p>\n<p>Vielleicht m\u00f6chten auch Bibliothekare aus der Freien Universit\u00e4t Berlin &#8211; hoffentlich bei feinstem Sommerwetter &#8211; dabei sein! Ab Februar kann man sich anmelden.<\/p>\n<p>Weitere Informationen und Registrierung unter <a href=\"https:\/\/www.cyclingforlibraries.org\/\">https:\/\/www.cyclingforlibraries.org\/<\/a>.<\/p>\n","protected":false},"excerpt":{"rendered":"<p>Zehn Tage dauert die Fahrradtour &#8222;Cycling for Libraries&#8220;. Sie beginnt am 28. Mai in Kopenhagen, f\u00fchrt entlang des ber\u00fchmten Fahrradwegs R1 Berlin-Kopenhagen und endet am 7. Juni mit einem Fahrrad-Korso durch Berlin p\u00fcnktlich zur Er\u00f6ffnung des 100. Deutschen Bibliothekartages in Berlin. 100 radelnde Bibliothekare aus vielen L\u00e4ndern nehmen teil &#8211; an der Fahrradtour und an &hellip; <a href=\"https:\/\/blogs.fu-berlin.de\/bibliotheken\/2011\/01\/27\/radelnde-bibliothekare-gesucht\/\" class=\"more-link\"><span class=\"screen-reader-text\">\u201eRadelnde Bibliothekare gesucht\u201c<\/span> weiterlesen<\/a><\/p>\n","protected":false},"author":265,"featured_media":0,"comment_status":"open","ping_status":"open","sticky":false,"template":"","format":"standard","meta":{"footnotes":""},"categories":[9,599],"tags":[2173,2174],"class_list":["post-7011","post","type-post","status-publish","format-standard","hentry","category-allgemein","category-bibliothekswesen","tag-cycling-for-libraries","tag-deutscher-bibliothekartag-2011"],"_links":{"self":[{"href":"https:\/\/blogs.fu-berlin.de\/bibliotheken\/wp-json\/wp\/v2\/posts\/7011","targetHints":{"allow":["GET"]}}],"collection":[{"href":"https:\/\/blogs.fu-berlin.de\/bibliotheken\/wp-json\/wp\/v2\/posts"}],"about":[{"href":"https:\/\/blogs.fu-berlin.de\/bibliotheken\/wp-json\/wp\/v2\/types\/post"}],"author":[{"embeddable":true,"href":"https:\/\/blogs.fu-berlin.de\/bibliotheken\/wp-json\/wp\/v2\/users\/265"}],"replies":[{"embeddable":true,"href":"https:\/\/blogs.fu-berlin.de\/bibliotheken\/wp-json\/wp\/v2\/comments?post=7011"}],"version-history":[{"count":17,"href":"https:\/\/blogs.fu-berlin.de\/bibliotheken\/wp-json\/wp\/v2\/posts\/7011\/revisions"}],"predecessor-version":[{"id":7041,"href":"https:\/\/blogs.fu-berlin.de\/bibliotheken\/wp-json\/wp\/v2\/posts\/7011\/revisions\/7041"}],"wp:attachment":[{"href":"https:\/\/blogs.fu-berlin.de\/bibliotheken\/wp-json\/wp\/v2\/media?parent=7011"}],"wp:term":[{"taxonomy":"category","embeddable":true,"href":"https:\/\/blogs.fu-berlin.de\/bibliotheken\/wp-json\/wp\/v2\/categories?post=7011"},{"taxonomy":"post_tag","embeddable":true,"href":"https:\/\/blogs.fu-berlin.de\/bibliotheken\/wp-json\/wp\/v2\/tags?post=7011"}],"curies":[{"name":"wp","href":"https:\/\/api.w.org\/{rel}","templated":true}]}}