{"id":7024,"date":"2011-01-27T13:17:16","date_gmt":"2011-01-27T12:17:16","guid":{"rendered":"https:\/\/blogs.fu-berlin.de\/bibliotheken\/?p=7024"},"modified":"2011-01-28T10:36:29","modified_gmt":"2011-01-28T09:36:29","slug":"holocaustgedenktag","status":"publish","type":"post","link":"https:\/\/blogs.fu-berlin.de\/bibliotheken\/2011\/01\/27\/holocaustgedenktag\/","title":{"rendered":"Holocaustgedenktag"},"content":{"rendered":"<p><img decoding=\"async\" src=\"https:\/\/upload.wikimedia.org\/wikipedia\/commons\/thumb\/e\/e8\/Birkenau_gate.JPG\/220px-Birkenau_gate.JPG\" alt=\"\" align=\"right\" \/>Am 27. Januar j\u00e4hrt sich zum 66. Mal die Befreiung der \u00dcberlebenden des KZ Auschwitz-Birkenau durch die Soldaten der Roten Armee. Im nationalsozialistischen Vernichtungslager kamen nach Sch\u00e4tzungen mehr als 1,1 Million Juden aus 14 europ\u00e4ischen L\u00e4ndern ums Leben. Mit zu den Opfern z\u00e4hlen 150.000 nicht-j\u00fcdische Polen, 23.000 Angeh\u00f6rige der Sinti und Roma, 15.000 sowjetische Kriegsgefangene sowie 25.000 weitere Gefangene.<\/p>\n<p>Seit 1996 wird am 27. Januar der &#8222;Tag des Gedenkens an die Opfer des Nationalsozialismus&#8220; in Deutschland begangen. Der Gedenktag soll die Erinnerung an die unter der nationalsozialistischen Gewaltherrschaft verfolgten und ermordeten M\u00e4nner, Frauen und Kinder aufrechterhalten. Mit dazu bei tr\u00e4gt die israelische Gedenkst\u00e4tte Yad Vashem, die gestern in Zusammenarbeit mit Google <a href=\"https:\/\/collections.yadvashem.org\/photosarchive\">mehr als 130.000 hochaufl\u00f6sende Bilder<\/a> aus ihrem Archiv ver\u00f6ffentlicht hat. Ziel ist es, mit Hilfe des Internets die gr\u00f6\u00dfte historische Dokumentensammlung \u00fcber den Holocaust aufzubauen und verf\u00fcgbar zu machen. Neben dem Hinterlassen von Kommentaren (vorherige Anmeldung erforderlich) kann man die Bilder auch \u00fcber bekannte Web-2.0-Dienste wie Facebook oder Twitter teilen.<\/p>\n<p>Auch die Freie Universit\u00e4t Berlin h\u00e4lt u. a. mit dem stetigen Erwerb von Medien die Erinnerung an diesen beispiellosen V\u00f6lkermord aufrecht. Eine kleine Auswahl an lizenzierten und freien Datenbanken aus der Digitalen Bibliothek:<\/p>\n<p><a href=\"https:\/\/www.ub.fu-berlin.de\/digibib_neu\/datenbank\/metalib\/titel\/KOB13238.html\">Visual History Archive<\/a><br \/>\n52.000 Zeitzeugeninterviews mit Opfern und Zeugen des Holocaust (Registrierung erforderlich).<\/p>\n<p><a href=\"https:\/\/www.ub.fu-berlin.de\/digibib_neu\/datenbank\/metalib\/titel\/KOB15822.html\">Central Database of Shoah Victims&#8216; Names<\/a><br \/>\nDatenbank der israelischen Gedenkst\u00e4tte Yad Vashem enth\u00e4lt Namen und Lebensdaten von mehr als drei Millionen Menschen, die w\u00e4hrend des Holocausts ums Leben kamen.<\/p>\n<p><a href=\"https:\/\/www.ub.fu-berlin.de\/digibib_neu\/datenbank\/metalib\/titel\/KOB15523.html\">Zwangsarbeit 1939-1945<\/a><br \/>\nOnline-Archiv mit Zeitzeugen-Interviews von 590 ehemaligen Zwangsarbeitern aus 26 L\u00e4ndern, die w\u00e4hrend der Zeit des Nationalsozialismus Zwangsarbeit geleistet haben (Registrierung erforderlich).<\/p>\n<p><a href=\"https:\/\/www.ub.fu-berlin.de\/digibib_neu\/datenbank\/metalib\/titel\/KOB12375.html\">Testaments to the Holocaust<\/a><br \/>\nHandschriftliche Aufzeichnungen und seltenes gedrucktes Material aus der Wiener Library in London, dem \u00e4ltesten Holocaust-Museum der Welt.<\/p>\n<p><a href=\"https:\/\/www.ub.fu-berlin.de\/digibib_neu\/datenbank\/metalib\/titel\/KOB13768.html\">Erinnern f\u00fcr Gegenwart und Zukunft<\/a><br \/>\nCD-ROM mit Interviews zweier j\u00fcdischer \u00dcberlebender (dem Visual History Archive entnommen) sowie weiteren Informationsmaterial.<\/p>\n<p><a href=\"https:\/\/www.ub.fu-berlin.de\/digibib_neu\/datenbank\/metalib\/titel\/KOB16823.html\">Gedenkbuch<\/a><br \/>\nOnline-Version des gleichnamigen vom Bundesarchiv herausgegebenen Druckwerks mit \u00fcber 158.000 Namen zu verfolgten oder ermordeten Personen.<\/p>\n<p><a href=\"https:\/\/opac.fu-berlin.de\/?func=find-b&amp;REQUEST=holocaust&amp;find_code=WSW&amp;ADJACENT=N\">Literatur<\/a> zum Schlagwort &#8222;Holocaust&#8220; im Online-Katalog der FU.<\/p>\n<h6>Danke f\u00fcr das Bild an <a href=\"https:\/\/commons.wikimedia.org\/wiki\/File:Birkenau_gate.JPG?uselang=de\">WikiCommons<\/a>!<\/h6>\n","protected":false},"excerpt":{"rendered":"<p>Am 27. Januar j\u00e4hrt sich zum 66. Mal die Befreiung der \u00dcberlebenden des KZ Auschwitz-Birkenau durch die Soldaten der Roten Armee. Im nationalsozialistischen Vernichtungslager kamen nach Sch\u00e4tzungen mehr als 1,1 Million Juden aus 14 europ\u00e4ischen L\u00e4ndern ums Leben. Mit zu den Opfern z\u00e4hlen 150.000 nicht-j\u00fcdische Polen, 23.000 Angeh\u00f6rige der Sinti und Roma, 15.000 sowjetische Kriegsgefangene &hellip; <a href=\"https:\/\/blogs.fu-berlin.de\/bibliotheken\/2011\/01\/27\/holocaustgedenktag\/\" class=\"more-link\"><span class=\"screen-reader-text\">\u201eHolocaustgedenktag\u201c<\/span> weiterlesen<\/a><\/p>\n","protected":false},"author":293,"featured_media":0,"comment_status":"open","ping_status":"open","sticky":false,"template":"","format":"standard","meta":{"footnotes":""},"categories":[457,604,603],"tags":[30,1423,2178,2179],"class_list":["post-7024","post","type-post","status-publish","format-standard","hentry","category-digitale-bibliothek","category-ins-netz-geschaut","category-vorgestellt","tag-datenbanken","tag-holocaust","tag-holocaustgedenktag","tag-yad-vashem"],"_links":{"self":[{"href":"https:\/\/blogs.fu-berlin.de\/bibliotheken\/wp-json\/wp\/v2\/posts\/7024","targetHints":{"allow":["GET"]}}],"collection":[{"href":"https:\/\/blogs.fu-berlin.de\/bibliotheken\/wp-json\/wp\/v2\/posts"}],"about":[{"href":"https:\/\/blogs.fu-berlin.de\/bibliotheken\/wp-json\/wp\/v2\/types\/post"}],"author":[{"embeddable":true,"href":"https:\/\/blogs.fu-berlin.de\/bibliotheken\/wp-json\/wp\/v2\/users\/293"}],"replies":[{"embeddable":true,"href":"https:\/\/blogs.fu-berlin.de\/bibliotheken\/wp-json\/wp\/v2\/comments?post=7024"}],"version-history":[{"count":7,"href":"https:\/\/blogs.fu-berlin.de\/bibliotheken\/wp-json\/wp\/v2\/posts\/7024\/revisions"}],"predecessor-version":[{"id":7029,"href":"https:\/\/blogs.fu-berlin.de\/bibliotheken\/wp-json\/wp\/v2\/posts\/7024\/revisions\/7029"}],"wp:attachment":[{"href":"https:\/\/blogs.fu-berlin.de\/bibliotheken\/wp-json\/wp\/v2\/media?parent=7024"}],"wp:term":[{"taxonomy":"category","embeddable":true,"href":"https:\/\/blogs.fu-berlin.de\/bibliotheken\/wp-json\/wp\/v2\/categories?post=7024"},{"taxonomy":"post_tag","embeddable":true,"href":"https:\/\/blogs.fu-berlin.de\/bibliotheken\/wp-json\/wp\/v2\/tags?post=7024"}],"curies":[{"name":"wp","href":"https:\/\/api.w.org\/{rel}","templated":true}]}}