{"id":7059,"date":"2011-02-01T11:56:55","date_gmt":"2011-02-01T10:56:55","guid":{"rendered":"https:\/\/blogs.fu-berlin.de\/bibliotheken\/?p=7059"},"modified":"2011-02-01T11:56:55","modified_gmt":"2011-02-01T10:56:55","slug":"link-des-monats-februar-2011-wissenschaftsjahr-2011","status":"publish","type":"post","link":"https:\/\/blogs.fu-berlin.de\/bibliotheken\/2011\/02\/01\/link-des-monats-februar-2011-wissenschaftsjahr-2011\/","title":{"rendered":"Link des Monats Februar 2011: Wissenschaftsjahr 2011"},"content":{"rendered":"<p>Wie \u00fcblich behandelt unser <a href=\"https:\/\/www.ub.fu-berlin.de\/service_neu\/linktipp\/1102.html\">Link des Monats <\/a> am Anfang eines Jahres das aktuelle Wissenschaftsjahr, das 2011 unter dem Motto  &#8222;Forschung f\u00fcr unsere Gesundheit&#8220; l\u00e4uft. <\/p>\n<p>Es richtet die Aufmerksamkeit auf den Menschen und soll eine gesellschaftliche und interdisziplin\u00e4re Debatte \u00fcber die Ziele, Herausforderungen und Aktionsfelder heutiger Gesundheitsforschung er\u00f6ffnen.<\/p>\n<p>Alle Infos sowie einen Video-Clip, der das Thema umrei\u00dft, findet man auf der Webseite: <a href=\"https:\/\/www.forschung-fuer-unsere-gesundheit.de\">https:\/\/www.forschung-fuer-unsere-gesundheit.de<\/a>.<\/p>\n","protected":false},"excerpt":{"rendered":"<p>Wie \u00fcblich behandelt unser Link des Monats am Anfang eines Jahres das aktuelle Wissenschaftsjahr, das 2011 unter dem Motto &#8222;Forschung f\u00fcr unsere Gesundheit&#8220; l\u00e4uft. Es richtet die Aufmerksamkeit auf den Menschen und soll eine gesellschaftliche und interdisziplin\u00e4re Debatte \u00fcber die Ziele, Herausforderungen und Aktionsfelder heutiger Gesundheitsforschung er\u00f6ffnen. Alle Infos sowie einen Video-Clip, der das Thema &hellip; <a href=\"https:\/\/blogs.fu-berlin.de\/bibliotheken\/2011\/02\/01\/link-des-monats-februar-2011-wissenschaftsjahr-2011\/\" class=\"more-link\"><span class=\"screen-reader-text\">\u201eLink des Monats Februar 2011: Wissenschaftsjahr 2011\u201c<\/span> weiterlesen<\/a><\/p>\n","protected":false},"author":265,"featured_media":0,"comment_status":"open","ping_status":"open","sticky":false,"template":"","format":"standard","meta":{"footnotes":""},"categories":[9,604],"tags":[2118,2182],"class_list":["post-7059","post","type-post","status-publish","format-standard","hentry","category-allgemein","category-ins-netz-geschaut","tag-links-des-monats","tag-wissenschaftsjahr-2011"],"_links":{"self":[{"href":"https:\/\/blogs.fu-berlin.de\/bibliotheken\/wp-json\/wp\/v2\/posts\/7059","targetHints":{"allow":["GET"]}}],"collection":[{"href":"https:\/\/blogs.fu-berlin.de\/bibliotheken\/wp-json\/wp\/v2\/posts"}],"about":[{"href":"https:\/\/blogs.fu-berlin.de\/bibliotheken\/wp-json\/wp\/v2\/types\/post"}],"author":[{"embeddable":true,"href":"https:\/\/blogs.fu-berlin.de\/bibliotheken\/wp-json\/wp\/v2\/users\/265"}],"replies":[{"embeddable":true,"href":"https:\/\/blogs.fu-berlin.de\/bibliotheken\/wp-json\/wp\/v2\/comments?post=7059"}],"version-history":[{"count":4,"href":"https:\/\/blogs.fu-berlin.de\/bibliotheken\/wp-json\/wp\/v2\/posts\/7059\/revisions"}],"predecessor-version":[{"id":7063,"href":"https:\/\/blogs.fu-berlin.de\/bibliotheken\/wp-json\/wp\/v2\/posts\/7059\/revisions\/7063"}],"wp:attachment":[{"href":"https:\/\/blogs.fu-berlin.de\/bibliotheken\/wp-json\/wp\/v2\/media?parent=7059"}],"wp:term":[{"taxonomy":"category","embeddable":true,"href":"https:\/\/blogs.fu-berlin.de\/bibliotheken\/wp-json\/wp\/v2\/categories?post=7059"},{"taxonomy":"post_tag","embeddable":true,"href":"https:\/\/blogs.fu-berlin.de\/bibliotheken\/wp-json\/wp\/v2\/tags?post=7059"}],"curies":[{"name":"wp","href":"https:\/\/api.w.org\/{rel}","templated":true}]}}