{"id":7102,"date":"2011-02-10T18:23:51","date_gmt":"2011-02-10T17:23:51","guid":{"rendered":"https:\/\/blogs.fu-berlin.de\/bibliotheken\/?p=7102"},"modified":"2011-02-10T18:23:51","modified_gmt":"2011-02-10T17:23:51","slug":"bibliotheksstipendiaten-des-john-f-kennedy-instituts-stellen-projekte-vor","status":"publish","type":"post","link":"https:\/\/blogs.fu-berlin.de\/bibliotheken\/2011\/02\/10\/bibliotheksstipendiaten-des-john-f-kennedy-instituts-stellen-projekte-vor\/","title":{"rendered":"Bibliotheksstipendiaten des John-F.-Kennedy-Instituts stellen Projekte vor"},"content":{"rendered":"<p>Zum ersten Mal pr\u00e4sentieren BibliotheksstipendiatInnen des John-F.-Kennedy-Instituts ihre Projekte \u00f6ffentlich. Am Mittwoch, den 16. Februar um 16 Uhr c.t. laden wir Sie in den Schulungsraum der Bibliothek ein, um unsere drei aktuellen StipendiatInnen und ihre Forschungsthemen kennenzulernen:<\/p>\n<ul>\n<li> Prof. em. Ana Olos, Baia Mare, Romania &#8211; &#8222;Cultural Polyphony in G. E. Clarke&#8217;s Work: Sources and Representations of Canadian Multiculturalism&#8220;<\/li>\n<li>Dr. Jaroslav Kusn\u00edr, Presov, Slovakia &#8211; &#8222;Postmodern Fiction and After&#8220;<\/li>\n<li>Dr. Sven Cvek, Zagreb, Croatia &#8211; &#8222;Towering Figures: Reading the 9\/11 Archive&#8220;<\/li>\n<\/ul>\n<p>In Kurzreferaten werden die StipendiatInnen ihre Themen pr\u00e4sentieren. Anschlie\u00dfend besteht die M\u00f6glichkeit f\u00fcr Fragen und zum Austausch.<\/p>\n","protected":false},"excerpt":{"rendered":"<p>Zum ersten Mal pr\u00e4sentieren BibliotheksstipendiatInnen des John-F.-Kennedy-Instituts ihre Projekte \u00f6ffentlich. Am Mittwoch, den 16. Februar um 16 Uhr c.t. laden wir Sie in den Schulungsraum der Bibliothek ein, um unsere drei aktuellen StipendiatInnen und ihre Forschungsthemen kennenzulernen: Prof. em. Ana Olos, Baia Mare, Romania &#8211; &#8222;Cultural Polyphony in G. E. Clarke&#8217;s Work: Sources and Representations &hellip; <a href=\"https:\/\/blogs.fu-berlin.de\/bibliotheken\/2011\/02\/10\/bibliotheksstipendiaten-des-john-f-kennedy-instituts-stellen-projekte-vor\/\" class=\"more-link\"><span class=\"screen-reader-text\">\u201eBibliotheksstipendiaten des John-F.-Kennedy-Instituts stellen Projekte vor\u201c<\/span> weiterlesen<\/a><\/p>\n","protected":false},"author":302,"featured_media":0,"comment_status":"open","ping_status":"open","sticky":false,"template":"","format":"standard","meta":{"footnotes":""},"categories":[600,70],"tags":[2190,950,2102],"class_list":["post-7102","post","type-post","status-publish","format-standard","hentry","category-fachbibliotheken","category-veranstaltungen","tag-bibliotheksstipendium","tag-jfki","tag-veranstaltung"],"_links":{"self":[{"href":"https:\/\/blogs.fu-berlin.de\/bibliotheken\/wp-json\/wp\/v2\/posts\/7102","targetHints":{"allow":["GET"]}}],"collection":[{"href":"https:\/\/blogs.fu-berlin.de\/bibliotheken\/wp-json\/wp\/v2\/posts"}],"about":[{"href":"https:\/\/blogs.fu-berlin.de\/bibliotheken\/wp-json\/wp\/v2\/types\/post"}],"author":[{"embeddable":true,"href":"https:\/\/blogs.fu-berlin.de\/bibliotheken\/wp-json\/wp\/v2\/users\/302"}],"replies":[{"embeddable":true,"href":"https:\/\/blogs.fu-berlin.de\/bibliotheken\/wp-json\/wp\/v2\/comments?post=7102"}],"version-history":[{"count":3,"href":"https:\/\/blogs.fu-berlin.de\/bibliotheken\/wp-json\/wp\/v2\/posts\/7102\/revisions"}],"predecessor-version":[{"id":7105,"href":"https:\/\/blogs.fu-berlin.de\/bibliotheken\/wp-json\/wp\/v2\/posts\/7102\/revisions\/7105"}],"wp:attachment":[{"href":"https:\/\/blogs.fu-berlin.de\/bibliotheken\/wp-json\/wp\/v2\/media?parent=7102"}],"wp:term":[{"taxonomy":"category","embeddable":true,"href":"https:\/\/blogs.fu-berlin.de\/bibliotheken\/wp-json\/wp\/v2\/categories?post=7102"},{"taxonomy":"post_tag","embeddable":true,"href":"https:\/\/blogs.fu-berlin.de\/bibliotheken\/wp-json\/wp\/v2\/tags?post=7102"}],"curies":[{"name":"wp","href":"https:\/\/api.w.org\/{rel}","templated":true}]}}