{"id":7106,"date":"2011-02-11T13:11:11","date_gmt":"2011-02-11T12:11:11","guid":{"rendered":"https:\/\/blogs.fu-berlin.de\/bibliotheken\/?p=7106"},"modified":"2011-03-29T10:30:08","modified_gmt":"2011-03-29T09:30:08","slug":"nominierungen-fur-leipziger-buchmesse-preis-2011","status":"publish","type":"post","link":"https:\/\/blogs.fu-berlin.de\/bibliotheken\/2011\/02\/11\/nominierungen-fur-leipziger-buchmesse-preis-2011\/","title":{"rendered":"Nominierungen f\u00fcr Leipziger-Buchmesse-Preis 2011"},"content":{"rendered":"<p><img decoding=\"async\" src=\"https:\/\/upload.wikimedia.org\/wikipedia\/commons\/thumb\/3\/3b\/Leipziger_Buchmesse_2006_001.JPG\/140px-Leipziger_Buchmesse_2006_001.JPG\" alt=\"\" hspace=\"4\" vspace=\"4\" align=\"right\" \/>Bis zur Er\u00f6ffnung der <a href=\"https:\/\/www.leipziger-buchmesse.de\/\">Buchmesse in Leipzig<\/a> (17. \u2013 20. M\u00e4rz) ist es zwar noch ein paar Wochen hin, doch seit gestern stehen <a href=\"https:\/\/www.preis-der-leipziger-buchmesse.de\/LeMMon\/plb_web_ger.nsf\/frames?OpenPage&amp;Code=0x00x3x\">15 nominierte Autoren<\/a> f\u00fcr den Preis der Leipziger Buchmesse 2011 fest.<\/p>\n<p>Seit 2005 wird die Auszeichnung am ersten Messetag in den Kategorien Belletristik, Sachbuch\/Essayistik und \u00dcbersetzung vergeben. Unter den Preistr\u00e4gern der letzten Jahre sind so bekannte Namen wie Saul Friedl\u00e4nder, Sybille Lewitscharoff, Ingo Schulze oder Ilija Trojanow vertreten.<\/p>\n<p>Zur aktuellen Auflage wurden 480 Titel aus 131 Verlagen eingereicht. Zwar hat das Publikum kein Mitspracherecht \u2013 sieben Literaturkritiker um die Juryvorsitzende Verena Auffermann f\u00e4llen die Entscheidung \u2013 doch darf die Internetgemeinde bei der Wahl zum <a href=\"https:\/\/www.preis-der-leipziger-buchmesse.de\/LeMMon\/plb_web_ger.nsf\/frames?OpenPage&amp;Code=0x00x8x\">\u201eBelletristik-Favoriten 2011\u201c<\/a> mitstimmen. Aktuell liegt dort Wolfgang Herrndorfs <em>Tschick<\/em> in F\u00fchrung.<\/p>\n<p>Nominierte Titel im Katalog der FU:<\/p>\n<p><strong>Belletristik<\/strong><\/p>\n<ul>\n<li>Wolfgang Herrndorf: Tschick (<a href=\"https:\/\/aleph-www.ub.fu-berlin.de\/F?func=find-e&amp;request=herrndorf+tschick&amp;find_scan_code=FIND_WRD&amp;adjacent=N\">Philologische Bibliothek<\/a>)<\/li>\n<\/ul>\n<p><strong>Sachbuch\/Essayistik<\/strong><\/p>\n<ul>\n<li>Henning Ritter: Notizhefte (<a href=\"https:\/\/aleph-www.ub.fu-berlin.de\/F?func=find-e&amp;request=2010+ritter+notizhefte&amp;find_scan_code=FIND_WRD&amp;adjacent=N\">Universit\u00e4tsbibliothek<\/a>)<\/li>\n<\/ul>\n<p><strong>\u00dcbersetzung<\/strong><\/p>\n<ul>\n<li>Barbara Conrad: Krieg und Frieden &#8211; nach Lew Tolstoi (<a href=\"https:\/\/aleph-www.ub.fu-berlin.de\/F?func=find-e&amp;request=conrad+barbara+krieg+frieden&amp;find_scan_code=FIND_WRD&amp;adjacent=N\">Universit\u00e4tsbibliothek &amp; Philologische Bibliothek<\/a>)<\/li>\n<\/ul>\n<ul>\n<li>Ralph Dutli: Fatrasien \u2013 absurde Poesie des Mittelalters (<a href=\"https:\/\/aleph-www.ub.fu-berlin.de\/F?func=find-e&amp;request=fatrasien&amp;find_scan_code=FIND_WRD&amp;adjacent=N\">Philologische Bibliothek<\/a>)<\/li>\n<\/ul>\n<ul>\n<li>Dagmar Ploetz: Unter dieser furchterregenden Sonne &#8211; nach Carlos Busqued (<a href=\"https:\/\/aleph-www.ub.fu-berlin.de\/F?func=find-e&amp;request=ploetz+sonne&amp;find_scan_code=FIND_WRD&amp;adjacent=N\">Philologische Bibliothek<\/a>)<\/li>\n<\/ul>\n<p><strong>UPDATE (18.03.11):\u00a0<\/strong>Die Preise sind mittlerweile verteilt. Die Auszeichnung in der Sparte Belletristik geht an\u00a0Clemens J. Setz und <em>Die Liebe zur Zeit des Mahlst\u00e4dter Kindes<\/em> (leider noch nicht im FU-Bereich nachgewiesen), die anderen beiden an Henning Ritter und Barbara Conrad. Den Publikumspreis holt sich Herrndorfs <em>Tschick<\/em>.<\/p>\n<h6>Danke f\u00fcr das Bild an <a href=\"https:\/\/commons.wikimedia.org\/wiki\/File:Leipziger_Buchmesse_2006_001.JPG?uselang=de\">WikiCommons<\/a>!<\/h6>\n","protected":false},"excerpt":{"rendered":"<p>Bis zur Er\u00f6ffnung der Buchmesse in Leipzig (17. \u2013 20. M\u00e4rz) ist es zwar noch ein paar Wochen hin, doch seit gestern stehen 15 nominierte Autoren f\u00fcr den Preis der Leipziger Buchmesse 2011 fest. Seit 2005 wird die Auszeichnung am ersten Messetag in den Kategorien Belletristik, Sachbuch\/Essayistik und \u00dcbersetzung vergeben. Unter den Preistr\u00e4gern der letzten &hellip; <a href=\"https:\/\/blogs.fu-berlin.de\/bibliotheken\/2011\/02\/11\/nominierungen-fur-leipziger-buchmesse-preis-2011\/\" class=\"more-link\"><span class=\"screen-reader-text\">\u201eNominierungen f\u00fcr Leipziger-Buchmesse-Preis 2011\u201c<\/span> weiterlesen<\/a><\/p>\n","protected":false},"author":293,"featured_media":0,"comment_status":"open","ping_status":"open","sticky":false,"template":"","format":"standard","meta":{"footnotes":""},"categories":[604],"tags":[2196,2195],"class_list":["post-7106","post","type-post","status-publish","format-standard","hentry","category-ins-netz-geschaut","tag-nominierungen-2011","tag-preis-der-leipziger-buchmesse-2011"],"_links":{"self":[{"href":"https:\/\/blogs.fu-berlin.de\/bibliotheken\/wp-json\/wp\/v2\/posts\/7106","targetHints":{"allow":["GET"]}}],"collection":[{"href":"https:\/\/blogs.fu-berlin.de\/bibliotheken\/wp-json\/wp\/v2\/posts"}],"about":[{"href":"https:\/\/blogs.fu-berlin.de\/bibliotheken\/wp-json\/wp\/v2\/types\/post"}],"author":[{"embeddable":true,"href":"https:\/\/blogs.fu-berlin.de\/bibliotheken\/wp-json\/wp\/v2\/users\/293"}],"replies":[{"embeddable":true,"href":"https:\/\/blogs.fu-berlin.de\/bibliotheken\/wp-json\/wp\/v2\/comments?post=7106"}],"version-history":[{"count":12,"href":"https:\/\/blogs.fu-berlin.de\/bibliotheken\/wp-json\/wp\/v2\/posts\/7106\/revisions"}],"predecessor-version":[{"id":7322,"href":"https:\/\/blogs.fu-berlin.de\/bibliotheken\/wp-json\/wp\/v2\/posts\/7106\/revisions\/7322"}],"wp:attachment":[{"href":"https:\/\/blogs.fu-berlin.de\/bibliotheken\/wp-json\/wp\/v2\/media?parent=7106"}],"wp:term":[{"taxonomy":"category","embeddable":true,"href":"https:\/\/blogs.fu-berlin.de\/bibliotheken\/wp-json\/wp\/v2\/categories?post=7106"},{"taxonomy":"post_tag","embeddable":true,"href":"https:\/\/blogs.fu-berlin.de\/bibliotheken\/wp-json\/wp\/v2\/tags?post=7106"}],"curies":[{"name":"wp","href":"https:\/\/api.w.org\/{rel}","templated":true}]}}