{"id":7118,"date":"2011-02-25T09:37:45","date_gmt":"2011-02-25T08:37:45","guid":{"rendered":"https:\/\/blogs.fu-berlin.de\/bibliotheken\/?p=7118"},"modified":"2011-02-25T10:10:37","modified_gmt":"2011-02-25T09:10:37","slug":"migration-der-katalogdaten-des-bibliothekssystems-der-fu-in-den-b3kat","status":"publish","type":"post","link":"https:\/\/blogs.fu-berlin.de\/bibliotheken\/2011\/02\/25\/migration-der-katalogdaten-des-bibliothekssystems-der-fu-in-den-b3kat\/","title":{"rendered":"Migration der Katalogdaten des Bibliothekssystems der FU in den &#8222;B3KAT&#8220;"},"content":{"rendered":"<p>Nach TU, HU Berlin und weiteren wissenschaftlichen Bibliotheken aus Brandenburg migrieren nun auch die Katalogdaten des Bibliothekssystems der Freien Universit\u00e4t (\u00fcber 3,2 Mio Datens\u00e4tze!) in die gemeinsame Datenbank des Bibliotheksverbunds Bayern (BVB) und des Kooperativen Bibliotheksverbunds Berlin-Brandenburg (KOBV), die k\u00fcnftig unter dem neuen Namen &#8222;B3KAT&#8220; firmieren wird.<\/p>\n<p>Im f\u00fcr die Migration der FU-Katalogdaten angesetzten Zeitraum (24.2.2011 bis 4.4.2011) wird in den FU-Bibliotheken keine Katalogisierung m\u00f6glich sein, d.h. es k\u00f6nnen weder neue Titels\u00e4tze angelegt noch vorhandene korrigiert werden.<\/p>\n<p><strong>Die Benutzung der FU-Bibliotheken und auch das Ausleihen von bereits erschlossenen Medien bleibt von der Datenmigration weitgehend unber\u00fchrt<\/strong>; der Online-Katalog sowie die anderen Endnutzerplattformen (Bibliotheksportal Primo, Digitale Bibliothek, Dokumentenserver, Universit\u00e4tsbibliographie) sind zug\u00e4nglich. Lediglich die <strong>Altbestandsbestellung (UB-Bestand)<\/strong> wird vom 24.2.2011 bis 4.4.2011 nicht wie gewohnt \u00fcber den Online-Katalog abgewickelt werden k\u00f6nnen (die Funktion wird vor\u00fcbergehend von der Oberfl\u00e4che des Online-Katalogs entfernt). In dringenden F\u00e4llen wenden Sie sich bitte telefonisch oder per E-Mail an die <a href=\"https:\/\/www.ub.fu-berlin.de\/bibliothek\/leihstelle\/\">Leihstelle der Universit\u00e4tsbibliothek<\/a>.<\/p>\n<p>Bitte beachten Sie, dass im Zuge der &#8222;eingefrorenen&#8220; Katalogisierung w\u00e4hrend der Datenmigration (24.2.2011 bis 4.4.2011) keine neuen Bestellungen von Medien eingearbeitet werden k\u00f6nnen. Dies betrifft auch die <strong>Kaufvorschl\u00e4ge<\/strong>, die Sie \u00fcber den Online-Katalog an die Bibliotheken der FU Berlin leiten. Die Vorschl\u00e4ge werden wie gewohnt entgegen genommen; Sie erhalten eine Nachricht, ob der gew\u00fcnschte Titel angeschafft werden soll oder nicht. Die f\u00fcr die Anschaffung ausgew\u00e4hlten Titel werden allerdings erst bearbeitet, wenn die Katalogisierung, dann in den &#8222;B3KAT&#8220;, wieder aufgenommen werden kann.<\/p>\n","protected":false},"excerpt":{"rendered":"<p>Nach TU, HU Berlin und weiteren wissenschaftlichen Bibliotheken aus Brandenburg migrieren nun auch die Katalogdaten des Bibliothekssystems der Freien Universit\u00e4t (\u00fcber 3,2 Mio Datens\u00e4tze!) in die gemeinsame Datenbank des Bibliotheksverbunds Bayern (BVB) und des Kooperativen Bibliotheksverbunds Berlin-Brandenburg (KOBV), die k\u00fcnftig unter dem neuen Namen &#8222;B3KAT&#8220; firmieren wird. Im f\u00fcr die Migration der FU-Katalogdaten angesetzten Zeitraum &hellip; <a href=\"https:\/\/blogs.fu-berlin.de\/bibliotheken\/2011\/02\/25\/migration-der-katalogdaten-des-bibliothekssystems-der-fu-in-den-b3kat\/\" class=\"more-link\"><span class=\"screen-reader-text\">\u201eMigration der Katalogdaten des Bibliothekssystems der FU in den &#8222;B3KAT&#8220;\u201c<\/span> weiterlesen<\/a><\/p>\n","protected":false},"author":267,"featured_media":0,"comment_status":"open","ping_status":"open","sticky":false,"template":"","format":"standard","meta":{"footnotes":""},"categories":[599,600,518,601],"tags":[2204,2203,2202,1227],"class_list":["post-7118","post","type-post","status-publish","format-standard","hentry","category-bibliothekswesen","category-fachbibliotheken","category-fu-kataloge","category-universitatsbibliothek","tag-b3kat","tag-benutzungshinweis","tag-katalogdaten","tag-migration"],"_links":{"self":[{"href":"https:\/\/blogs.fu-berlin.de\/bibliotheken\/wp-json\/wp\/v2\/posts\/7118","targetHints":{"allow":["GET"]}}],"collection":[{"href":"https:\/\/blogs.fu-berlin.de\/bibliotheken\/wp-json\/wp\/v2\/posts"}],"about":[{"href":"https:\/\/blogs.fu-berlin.de\/bibliotheken\/wp-json\/wp\/v2\/types\/post"}],"author":[{"embeddable":true,"href":"https:\/\/blogs.fu-berlin.de\/bibliotheken\/wp-json\/wp\/v2\/users\/267"}],"replies":[{"embeddable":true,"href":"https:\/\/blogs.fu-berlin.de\/bibliotheken\/wp-json\/wp\/v2\/comments?post=7118"}],"version-history":[{"count":2,"href":"https:\/\/blogs.fu-berlin.de\/bibliotheken\/wp-json\/wp\/v2\/posts\/7118\/revisions"}],"predecessor-version":[{"id":7120,"href":"https:\/\/blogs.fu-berlin.de\/bibliotheken\/wp-json\/wp\/v2\/posts\/7118\/revisions\/7120"}],"wp:attachment":[{"href":"https:\/\/blogs.fu-berlin.de\/bibliotheken\/wp-json\/wp\/v2\/media?parent=7118"}],"wp:term":[{"taxonomy":"category","embeddable":true,"href":"https:\/\/blogs.fu-berlin.de\/bibliotheken\/wp-json\/wp\/v2\/categories?post=7118"},{"taxonomy":"post_tag","embeddable":true,"href":"https:\/\/blogs.fu-berlin.de\/bibliotheken\/wp-json\/wp\/v2\/tags?post=7118"}],"curies":[{"name":"wp","href":"https:\/\/api.w.org\/{rel}","templated":true}]}}