{"id":7121,"date":"2011-03-02T15:03:13","date_gmt":"2011-03-02T14:03:13","guid":{"rendered":"https:\/\/blogs.fu-berlin.de\/bibliotheken\/?p=7121"},"modified":"2011-03-02T15:03:14","modified_gmt":"2011-03-02T14:03:14","slug":"bibliothek-des-john-f-kennedy-instituts-vom-7-11-marz-geschlossen","status":"publish","type":"post","link":"https:\/\/blogs.fu-berlin.de\/bibliotheken\/2011\/03\/02\/bibliothek-des-john-f-kennedy-instituts-vom-7-11-marz-geschlossen\/","title":{"rendered":"Bibliothek des John-F.-Kennedy-Instituts vom 7.-11. M\u00e4rz geschlossen"},"content":{"rendered":"<p>Vom 7. bis 11. M\u00e4rz 2011 schlie\u00dft die JFKI-Bibliothek f\u00fcr ihre allj\u00e4hrliche Bestandsrevision. In dieser Woche wird das gesamte Bibliothekspersonal damit besch\u00e4ftigt sein, \u00fcber zehn Prozent des Buchbestandes auf Vollst\u00e4ndigkeit durchzusehen und zu ordnen, damit Sie bei uns auch in Zukunft einen gut benutzbaren Bestand vorfinden. Leihfristen, die in dieser Zeit enden, werden automatisch auf die Folgewoche verl\u00e4ngert. Wir bitten um Ihr Verst\u00e4ndnis f\u00fcr diese Ma\u00dfnahme.<\/p>\n","protected":false},"excerpt":{"rendered":"<p>Vom 7. bis 11. M\u00e4rz 2011 schlie\u00dft die JFKI-Bibliothek f\u00fcr ihre allj\u00e4hrliche Bestandsrevision. In dieser Woche wird das gesamte Bibliothekspersonal damit besch\u00e4ftigt sein, \u00fcber zehn Prozent des Buchbestandes auf Vollst\u00e4ndigkeit durchzusehen und zu ordnen, damit Sie bei uns auch in Zukunft einen gut benutzbaren Bestand vorfinden. Leihfristen, die in dieser Zeit enden, werden automatisch auf &hellip; <a href=\"https:\/\/blogs.fu-berlin.de\/bibliotheken\/2011\/03\/02\/bibliothek-des-john-f-kennedy-instituts-vom-7-11-marz-geschlossen\/\" class=\"more-link\"><span class=\"screen-reader-text\">\u201eBibliothek des John-F.-Kennedy-Instituts vom 7.-11. M\u00e4rz geschlossen\u201c<\/span> weiterlesen<\/a><\/p>\n","protected":false},"author":302,"featured_media":0,"comment_status":"open","ping_status":"open","sticky":false,"template":"","format":"standard","meta":{"footnotes":""},"categories":[600],"tags":[2214,950,641,961],"class_list":["post-7121","post","type-post","status-publish","format-standard","hentry","category-fachbibliotheken","tag-inventur","tag-jfki","tag-offnungszeiten","tag-revision"],"_links":{"self":[{"href":"https:\/\/blogs.fu-berlin.de\/bibliotheken\/wp-json\/wp\/v2\/posts\/7121","targetHints":{"allow":["GET"]}}],"collection":[{"href":"https:\/\/blogs.fu-berlin.de\/bibliotheken\/wp-json\/wp\/v2\/posts"}],"about":[{"href":"https:\/\/blogs.fu-berlin.de\/bibliotheken\/wp-json\/wp\/v2\/types\/post"}],"author":[{"embeddable":true,"href":"https:\/\/blogs.fu-berlin.de\/bibliotheken\/wp-json\/wp\/v2\/users\/302"}],"replies":[{"embeddable":true,"href":"https:\/\/blogs.fu-berlin.de\/bibliotheken\/wp-json\/wp\/v2\/comments?post=7121"}],"version-history":[{"count":3,"href":"https:\/\/blogs.fu-berlin.de\/bibliotheken\/wp-json\/wp\/v2\/posts\/7121\/revisions"}],"predecessor-version":[{"id":7124,"href":"https:\/\/blogs.fu-berlin.de\/bibliotheken\/wp-json\/wp\/v2\/posts\/7121\/revisions\/7124"}],"wp:attachment":[{"href":"https:\/\/blogs.fu-berlin.de\/bibliotheken\/wp-json\/wp\/v2\/media?parent=7121"}],"wp:term":[{"taxonomy":"category","embeddable":true,"href":"https:\/\/blogs.fu-berlin.de\/bibliotheken\/wp-json\/wp\/v2\/categories?post=7121"},{"taxonomy":"post_tag","embeddable":true,"href":"https:\/\/blogs.fu-berlin.de\/bibliotheken\/wp-json\/wp\/v2\/tags?post=7121"}],"curies":[{"name":"wp","href":"https:\/\/api.w.org\/{rel}","templated":true}]}}