{"id":7161,"date":"2011-03-04T15:02:37","date_gmt":"2011-03-04T14:02:37","guid":{"rendered":"https:\/\/blogs.fu-berlin.de\/bibliotheken\/?p=7161"},"modified":"2011-03-04T16:12:18","modified_gmt":"2011-03-04T15:12:18","slug":"ein-buch-und-drei-fragen","status":"publish","type":"post","link":"https:\/\/blogs.fu-berlin.de\/bibliotheken\/2011\/03\/04\/ein-buch-und-drei-fragen\/","title":{"rendered":"Ein Buch und drei Fragen"},"content":{"rendered":"<p><strong>Ein Beitrag von Melanie Kleist<\/strong><\/p>\n<p>Ein Mensch spaltet momentan Deutschland in zwei Lager: Karl-Theodor zu Guttenberg.<br \/>\nOb, in welchem Umfang und in mit welchen Folgen er bei seiner Dissertation \u201egeschummelt\u201c haben soll, wird momentan hei\u00df in den Medien, in den B\u00fcros, in den H\u00f6rs\u00e4len und zu Hause diskutiert.<br \/>\nIch habe den gesamten Werdegang dieser Geschichte per Internet live \u00fcber den Kurznachrichtendienst Twitter mitverfolgt und mir sind dabei ein paar Fragen auf bibliothekarischer Ebene eingefallen, die ich mir durch Recherche beantworten konnte und sie Ihnen hier pr\u00e4sentieren m\u00f6chte.<br \/>\nFalls Sie sich nun fragen \u201eWer ist denn &#8218;Ich&#8216;?\u201c, hier eine Kurzbeschreibung zu meiner Person: Ich bin Fachangestellte f\u00fcr Medien- und Informationsdienste in der Fachrichtung Bibliothek. Meine Ausbildung habe ich hier an der FU gemacht und werde nun seit einem halben Jahr an selbiger weiterbesch\u00e4ftigt, zu 40% in der Fachbereichsbibliothek Rechtswissenschaft und zu 60% in der Universit\u00e4tsbibliothek. In meiner Freizeit besch\u00e4ftige ich mich mit der Nutzung sozialer Netzwerke und deren Marketingwirkung und Nutzen f\u00fcr Bibliotheken und Informationsdienste.<\/p>\n<p>Nun zu den besagten bibliothekarischen Fragen und den entsprechenden Antworten, die ich dazu auftun konnte:<\/p>\n<p><strong>Frage<\/strong>: Haben wir an der FU eigentlich ein Exemplar der Dissertation \u201eVerfassung und Verfassungsvertrag\u201c?<br \/>\n<strong>Antwort<\/strong>: Ja, haben wir. Es gibt im gesamten FU-Bibliothekssystem ein Exemplar des Werkes und das besitzt, wie k\u00f6nnte es anders sein, die Fachbereichsbibliothek Rechtswissenschaften. Dort ist es im Moment noch laut Online-Katalog im Lesesaal zu finden bzw. sogar ausgeliehen mit etlichen Vormerkungen darauf (Kleiner Insider-Hinweis: wissenschaftliche Mitarbeiter d\u00fcrfen im Gegensatz zu \u201enormalen\u201c Studenten dort die meisten B\u00fccher aus dem Lesesaal ausleihen).  Sobald es allerdings vom momentanen Ausleiher zur\u00fcckkommt, wird es auf Anweisung der Bibliotheksleitung direkt in den Handapparat \u201eLesesaal Aufsicht\u201c eingegliedert, wo es nur noch jeweils zwei Stunden lang in den Lesesaal ausgeliehen werden darf. <\/p>\n<p><strong>Frage<\/strong>: Werden wir ein weiteres Exemplar der Dissertation anschaffen?<br \/>\n<strong>Antwort<\/strong>: Nein, da es leider wohl nicht mehr m\u00f6glich sein wird. Bei dem Verlag Duncker &amp; Humblot sind alle 400 Exemplare des Werkes vergriffen und werden dort auch definitiv nicht mehr nachgedruckt. Durch diese Aff\u00e4re hat das Image des Verlages gelitten, der sich auch in diesem Fall auf die Beurteilungen der Pr\u00fcfungskommission verlassen hatte, genauso wie bei tausenden Dissertationen zuvor. N\u00e4heres und was der Gesch\u00e4ftsf\u00fchrer des Verlags, Florian Simon dazu sagt, finden Sie in diesem <a href=\"https:\/\/www.stern.de\/kultur\/buecher\/verleger-florian-simon-ueber-guttenbergs-buch-vergriffen-und-verdammt-1656904.html\">Artikel des Sterns<\/a>.<\/p>\n<p><strong>Frage<\/strong>: Warum entfernen wir nicht unser Exemplar der Dissertation aus unserem Bestand?<br \/>\n<strong>Antwort<\/strong>: Nein, so lange die eigentlichen Urheber der plagiierten Abschnitte der Dissertation genau das einzeln gegen jede Bibliothek geltend machen, werden wir das Werk h\u00fcten wie unseren Augapfel.<br \/>\nEinen sehr sch\u00f6nen Blogartikel dazu habe ich <a href=\"https:\/\/www.bibliotheksrecht.de\/2011\/03\/02\/guttenberg-aussondern-10740355\/\">hier<\/a> gefunden. Er liest sich f\u00fcr Juristen besonders sch\u00f6n. \ud83d\ude09<br \/>\nZudem m\u00f6chte ich hier mal kurz meine ganz eigene Meinung zum Ausdruck bringen: Bibliotheken sammeln nur das Buch, \u00fcber die Qualit\u00e4t des Inhalts muss jeder Leser f\u00fcr sich selbst entscheiden. Ganz unabh\u00e4ngig davon werden wir von unserem Sammelauftrag nicht absehen.<\/p>\n<p>Und wenn Sie jetzt lernen m\u00f6chten, wie Sie einfach und schnell (und vor allem richtig) zitieren k\u00f6nnen, dann melden Sie sich doch einfach f\u00fcr eine der Lehrveranstaltungen an, die die UB anbietet:<br \/>\nRichtig zitieren: Zitierregeln f\u00fcr konventionelle und elektronische Medien.<\/p>\n","protected":false},"excerpt":{"rendered":"<p>Ein Beitrag von Melanie Kleist Ein Mensch spaltet momentan Deutschland in zwei Lager: Karl-Theodor zu Guttenberg. Ob, in welchem Umfang und in mit welchen Folgen er bei seiner Dissertation \u201egeschummelt\u201c haben soll, wird momentan hei\u00df in den Medien, in den B\u00fcros, in den H\u00f6rs\u00e4len und zu Hause diskutiert. Ich habe den gesamten Werdegang dieser Geschichte &hellip; <a href=\"https:\/\/blogs.fu-berlin.de\/bibliotheken\/2011\/03\/04\/ein-buch-und-drei-fragen\/\" class=\"more-link\"><span class=\"screen-reader-text\">\u201eEin Buch und drei Fragen\u201c<\/span> weiterlesen<\/a><\/p>\n","protected":false},"author":266,"featured_media":0,"comment_status":"open","ping_status":"open","sticky":false,"template":"","format":"standard","meta":{"footnotes":""},"categories":[9,600],"tags":[1911,127,25],"class_list":["post-7161","post","type-post","status-publish","format-standard","hentry","category-allgemein","category-fachbibliotheken","tag-plagiat","tag-urheberrecht","tag-zitieren"],"_links":{"self":[{"href":"https:\/\/blogs.fu-berlin.de\/bibliotheken\/wp-json\/wp\/v2\/posts\/7161","targetHints":{"allow":["GET"]}}],"collection":[{"href":"https:\/\/blogs.fu-berlin.de\/bibliotheken\/wp-json\/wp\/v2\/posts"}],"about":[{"href":"https:\/\/blogs.fu-berlin.de\/bibliotheken\/wp-json\/wp\/v2\/types\/post"}],"author":[{"embeddable":true,"href":"https:\/\/blogs.fu-berlin.de\/bibliotheken\/wp-json\/wp\/v2\/users\/266"}],"replies":[{"embeddable":true,"href":"https:\/\/blogs.fu-berlin.de\/bibliotheken\/wp-json\/wp\/v2\/comments?post=7161"}],"version-history":[{"count":10,"href":"https:\/\/blogs.fu-berlin.de\/bibliotheken\/wp-json\/wp\/v2\/posts\/7161\/revisions"}],"predecessor-version":[{"id":7170,"href":"https:\/\/blogs.fu-berlin.de\/bibliotheken\/wp-json\/wp\/v2\/posts\/7161\/revisions\/7170"}],"wp:attachment":[{"href":"https:\/\/blogs.fu-berlin.de\/bibliotheken\/wp-json\/wp\/v2\/media?parent=7161"}],"wp:term":[{"taxonomy":"category","embeddable":true,"href":"https:\/\/blogs.fu-berlin.de\/bibliotheken\/wp-json\/wp\/v2\/categories?post=7161"},{"taxonomy":"post_tag","embeddable":true,"href":"https:\/\/blogs.fu-berlin.de\/bibliotheken\/wp-json\/wp\/v2\/tags?post=7161"}],"curies":[{"name":"wp","href":"https:\/\/api.w.org\/{rel}","templated":true}]}}