{"id":7182,"date":"2011-03-07T17:20:50","date_gmt":"2011-03-07T16:20:50","guid":{"rendered":"https:\/\/blogs.fu-berlin.de\/bibliotheken\/?p=7182"},"modified":"2011-03-08T11:48:21","modified_gmt":"2011-03-08T10:48:21","slug":"glasbausteinwand-im-alten-magazinturm-der-universitatsbibliothek-wird-saniert","status":"publish","type":"post","link":"https:\/\/blogs.fu-berlin.de\/bibliotheken\/2011\/03\/07\/glasbausteinwand-im-alten-magazinturm-der-universitatsbibliothek-wird-saniert\/","title":{"rendered":"Glasbausteinwand im Alten Magazinturm der Universit\u00e4tsbibliothek wird saniert"},"content":{"rendered":"<p><img decoding=\"async\" src=\"https:\/\/www.ub.fu-berlin.de\/image\/neue_homepage\/offenes_mag.jpg\" alt=\"\" hspace=\"4\" vspace=\"4\" align=\"right\" \/>Die nach Norden ausgerichtete Glasbausteinwand im Alten Magazinturm der Universit\u00e4tsbibliothek stammt noch aus den 1950er Jahren und wird zurzeit saniert. Die Glasbausteine werden seit Ende 2010 vom 9. Stock nach unten hin erneuert.<\/p>\n<p>Dabei kann es im r\u00fcckw\u00e4rtigen Bereich des Lesesaals und im Offenen Magazin (trotz einer eigens aufgerichteten Schutz- und Trennwand) gelegentlich zu erh\u00f6hter L\u00e4rm- und Staubentwicklung und &#8211; je nach \u00e4u\u00dferer Witterung &#8211; auch zu kleineren &#8222;K\u00e4lteeinbr\u00fcchen&#8220; kommen.<\/p>\n<p>Den Abschluss der Bauarbeiten erwarten wir f\u00fcr den Sommer 2011.<\/p>\n<p>Der Zugang zu den Bibliotheksbest\u00e4nden und die \u00d6ffnungszeiten werden in vollem Umfang aufrechterhalten. Wir bitten die Benutzerinnen und Benutzer der Universit\u00e4tsbibliothek um Verst\u00e4ndnis und entschuldigen uns f\u00fcr die vor\u00fcbergehenden Beeintr\u00e4chtigungen.<\/p>\n","protected":false},"excerpt":{"rendered":"<p>Die nach Norden ausgerichtete Glasbausteinwand im Alten Magazinturm der Universit\u00e4tsbibliothek stammt noch aus den 1950er Jahren und wird zurzeit saniert. Die Glasbausteine werden seit Ende 2010 vom 9. Stock nach unten hin erneuert. Dabei kann es im r\u00fcckw\u00e4rtigen Bereich des Lesesaals und im Offenen Magazin (trotz einer eigens aufgerichteten Schutz- und Trennwand) gelegentlich zu erh\u00f6hter &hellip; <a href=\"https:\/\/blogs.fu-berlin.de\/bibliotheken\/2011\/03\/07\/glasbausteinwand-im-alten-magazinturm-der-universitatsbibliothek-wird-saniert\/\" class=\"more-link\"><span class=\"screen-reader-text\">\u201eGlasbausteinwand im Alten Magazinturm der Universit\u00e4tsbibliothek wird saniert\u201c<\/span> weiterlesen<\/a><\/p>\n","protected":false},"author":267,"featured_media":0,"comment_status":"open","ping_status":"open","sticky":false,"template":"","format":"standard","meta":{"footnotes":""},"categories":[601],"tags":[1180,2227,57467],"class_list":["post-7182","post","type-post","status-publish","format-standard","hentry","category-universitatsbibliothek","tag-magazin","tag-sanierung","tag-universitatsbibliothek"],"_links":{"self":[{"href":"https:\/\/blogs.fu-berlin.de\/bibliotheken\/wp-json\/wp\/v2\/posts\/7182","targetHints":{"allow":["GET"]}}],"collection":[{"href":"https:\/\/blogs.fu-berlin.de\/bibliotheken\/wp-json\/wp\/v2\/posts"}],"about":[{"href":"https:\/\/blogs.fu-berlin.de\/bibliotheken\/wp-json\/wp\/v2\/types\/post"}],"author":[{"embeddable":true,"href":"https:\/\/blogs.fu-berlin.de\/bibliotheken\/wp-json\/wp\/v2\/users\/267"}],"replies":[{"embeddable":true,"href":"https:\/\/blogs.fu-berlin.de\/bibliotheken\/wp-json\/wp\/v2\/comments?post=7182"}],"version-history":[{"count":6,"href":"https:\/\/blogs.fu-berlin.de\/bibliotheken\/wp-json\/wp\/v2\/posts\/7182\/revisions"}],"predecessor-version":[{"id":7187,"href":"https:\/\/blogs.fu-berlin.de\/bibliotheken\/wp-json\/wp\/v2\/posts\/7182\/revisions\/7187"}],"wp:attachment":[{"href":"https:\/\/blogs.fu-berlin.de\/bibliotheken\/wp-json\/wp\/v2\/media?parent=7182"}],"wp:term":[{"taxonomy":"category","embeddable":true,"href":"https:\/\/blogs.fu-berlin.de\/bibliotheken\/wp-json\/wp\/v2\/categories?post=7182"},{"taxonomy":"post_tag","embeddable":true,"href":"https:\/\/blogs.fu-berlin.de\/bibliotheken\/wp-json\/wp\/v2\/tags?post=7182"}],"curies":[{"name":"wp","href":"https:\/\/api.w.org\/{rel}","templated":true}]}}