{"id":721,"date":"2009-04-27T10:03:23","date_gmt":"2009-04-27T09:03:23","guid":{"rendered":"https:\/\/blogs.fu-berlin.de\/bibliotheken\/?p=721"},"modified":"2017-04-04T08:42:54","modified_gmt":"2017-04-04T07:42:54","slug":"weitere-de-gruyter-zeitschriften-in-der-digitalen-bibliothek","status":"publish","type":"post","link":"https:\/\/blogs.fu-berlin.de\/bibliotheken\/2009\/04\/27\/weitere-de-gruyter-zeitschriften-in-der-digitalen-bibliothek\/","title":{"rendered":"Weitere de Gruyter Zeitschriften in der Digitalen Bibliothek"},"content":{"rendered":"<p><img decoding=\"async\" src=\"https:\/\/www.reference-global.com\/templates\/jsp\/_style2\/_wdg\/images\/logo.gif\" align=\"right\" \/>Erg\u00e4nzend zu knapp 60 E-Zeitschriften aus dem de\u00a0Gruyter Verlag (Walter de Gruyter Archiv Paket I, 1998 &#8211; 2008), die die Freie Universit\u00e4t bereits als DFG-Nationallizenz anbietet, kommt jetzt das Walter de Gruyter Archiv Paket II, 1998 &#8211; 2008 &#8211; ebenfalls von der DFG finanziert &#8211; hinzu.<\/p>\n<p>Dabei handelt es sich um die de Gruyter-Jahrb\u00fccher, die laufenden Zeitschriften der inzwischen mit de Gruyter fusionierten Verlage Max Niemeyer und K.G. Saur sowie die mathematischen Zeitschriften des Verlages Brill. Das Paket enth\u00e4lt <a href=\"https:\/\/www.nationallizenzen.de\/angebote\/nlproduct.2009-02-20.8937184631\/nlproduct_ezb\">49 Zeitschriften<\/a> aus dem geisteswissenschaftlichen und mathematischen Bereich.<\/p>\n<p>Die einzelnen Titeln sind im FU-Katalog und auch in der Digitalen Bibliothek nachgewiesen und somit auch im <a href=\"https:\/\/www.ub.fu-berlin.de\/digibib_neu\/sfx\/\">LinkResolver SFX<\/a> freigeschaltet, der ja eine Suche nach digitalen Volltexten beispielsweise aus den Datenbanken in der Digitalen Bibliothek unterst\u00fctzt.<\/p>\n<p>Sie k\u00f6nnen sie aber auch \u00fcber die Plattform <a href=\"https:\/\/www.reference-global.com\/\">De Gruyter Reference global<\/a> zusammen mit weiteren f\u00fcr die Freie Universit\u00e4t Berlin jedoch zurzeit nicht lizenzierten Angeboten des Verlages de Gruyter nutzen. Bei den E-B\u00fcchern gibt es FU-Lizenzen nur f\u00fcr 40 der fast 1000 E-B\u00fccher. Weitere sollen dazukommen.<\/p>\n<p>Zu beachten ist, dass erstens nicht alle Zeitschriftentitel schon ab 1998 zur Verf\u00fcgung stehen und zweitens, dass es sich um ein sogenanntes Backfile-Archiv mit einer Moving-Wall handelt. Das bedeutet in diesem Fall, dass der jeweils aktuelle Jahrgang nicht Teil des Abonnements ist.<br \/>\nMeist kann jedoch auf die neuesten Hefte in gedruckter Form zur\u00fcckgegriffen werden.<\/p>\n","protected":false},"excerpt":{"rendered":"<p>Erg\u00e4nzend zu knapp 60 E-Zeitschriften aus dem de\u00a0Gruyter Verlag (Walter de Gruyter Archiv Paket I, 1998 &#8211; 2008), die die Freie Universit\u00e4t bereits als DFG-Nationallizenz anbietet, kommt jetzt das Walter de Gruyter Archiv Paket II, 1998 &#8211; 2008 &#8211; ebenfalls von der DFG finanziert &#8211; hinzu. Dabei handelt es sich um die de Gruyter-Jahrb\u00fccher, die &hellip; <a href=\"https:\/\/blogs.fu-berlin.de\/bibliotheken\/2009\/04\/27\/weitere-de-gruyter-zeitschriften-in-der-digitalen-bibliothek\/\" class=\"more-link\"><span class=\"screen-reader-text\">\u201eWeitere de Gruyter Zeitschriften in der Digitalen Bibliothek\u201c<\/span> weiterlesen<\/a><\/p>\n","protected":false},"author":265,"featured_media":0,"comment_status":"open","ping_status":"open","sticky":false,"template":"","format":"standard","meta":{"footnotes":""},"categories":[584805],"tags":[692,548,627],"class_list":["post-721","post","type-post","status-publish","format-standard","hentry","category-was-ist-neu","tag-de-gruyter","tag-e-zeitschriften","tag-verlagsgruppe-walter-de-gruyter"],"_links":{"self":[{"href":"https:\/\/blogs.fu-berlin.de\/bibliotheken\/wp-json\/wp\/v2\/posts\/721","targetHints":{"allow":["GET"]}}],"collection":[{"href":"https:\/\/blogs.fu-berlin.de\/bibliotheken\/wp-json\/wp\/v2\/posts"}],"about":[{"href":"https:\/\/blogs.fu-berlin.de\/bibliotheken\/wp-json\/wp\/v2\/types\/post"}],"author":[{"embeddable":true,"href":"https:\/\/blogs.fu-berlin.de\/bibliotheken\/wp-json\/wp\/v2\/users\/265"}],"replies":[{"embeddable":true,"href":"https:\/\/blogs.fu-berlin.de\/bibliotheken\/wp-json\/wp\/v2\/comments?post=721"}],"version-history":[{"count":19,"href":"https:\/\/blogs.fu-berlin.de\/bibliotheken\/wp-json\/wp\/v2\/posts\/721\/revisions"}],"predecessor-version":[{"id":20856,"href":"https:\/\/blogs.fu-berlin.de\/bibliotheken\/wp-json\/wp\/v2\/posts\/721\/revisions\/20856"}],"wp:attachment":[{"href":"https:\/\/blogs.fu-berlin.de\/bibliotheken\/wp-json\/wp\/v2\/media?parent=721"}],"wp:term":[{"taxonomy":"category","embeddable":true,"href":"https:\/\/blogs.fu-berlin.de\/bibliotheken\/wp-json\/wp\/v2\/categories?post=721"},{"taxonomy":"post_tag","embeddable":true,"href":"https:\/\/blogs.fu-berlin.de\/bibliotheken\/wp-json\/wp\/v2\/tags?post=721"}],"curies":[{"name":"wp","href":"https:\/\/api.w.org\/{rel}","templated":true}]}}