{"id":7575,"date":"2011-05-01T11:06:52","date_gmt":"2011-05-01T10:06:52","guid":{"rendered":"https:\/\/blogs.fu-berlin.de\/bibliotheken\/?p=7575"},"modified":"2011-05-06T14:47:30","modified_gmt":"2011-05-06T13:47:30","slug":"erste-lange-nacht-der-bibliotheken-in-berlin-am-8-juni-2011","status":"publish","type":"post","link":"https:\/\/blogs.fu-berlin.de\/bibliotheken\/2011\/05\/01\/erste-lange-nacht-der-bibliotheken-in-berlin-am-8-juni-2011\/","title":{"rendered":"Erste &#8222;Lange Nacht der Bibliotheken&#8220; in Berlin am 8. Juni 2011"},"content":{"rendered":"<p><img loading=\"lazy\" decoding=\"async\" src=\"https:\/\/blogs.fu-berlin.de\/bibliotheken\/files\/2011\/05\/Snap_2011.05.01-12.19.13_0031.jpg\" alt=\"\" title=\"Snap_2011.05.01 12.19.13_003\" width=\"110\" height=\"134\" class=\"size-full wp-image-7580\" hspace=\"4\" vspace=\"4\" align=\"right\"> Gro\u00dfe Ereignisse werfen ihre Schatten voraus. Unter dem Motto &#8222;Bibliotheken f\u00fcr die Zukunft \u2013 Zukunft f\u00fcr die Bibliotheken&#8220; findet der 100. Deutsche Bibliothekartag vom 7. bis 10. Juni 2011 standesgem\u00e4\u00df in Berlin statt (weitere Informationen unter <a href=\"https:\/\/www.bibliothekartag2011.de\/biblio2011\/index.php\">https:\/\/www.bibliothekartag2011.de\/<\/a>). Im Zusammenhang damit wurde auch die <a href=\"https:\/\/www.lange-nacht-der-bibliotheken.de\/\">&#8222;Lange Nacht der Bibliotheken&#8220;<\/a> ins Leben gerufen, die diesj\u00e4hrig erstmals an \u00fcber 40 Standorten &#8222;anregende Aufenthalte in und neue Blicke auf die Berliner Bibliotheken&#8220; vermitteln m\u00f6chte.<\/p>\n<p><em>Wird am 8. Juni in der FU Berlin zu Gast sein: Wladimir Kaminer. Foto: B. Friedrich.<\/em><\/p>\n<p>Die Bibliotheken der Freien Universit\u00e4t Berlin haben sich zu diesem Anlass m\u00e4chtig ins Zeug gelegt und gehen am 8. Juni mit einem bunten und attraktiven gemeinsamen (Nacht-)Programm, konzentriert an zwei Standorten, an den Start:<\/p>\n<p><strong>Philologische Bibliothek<\/strong><br \/>\n<strong>&#8222;Jazz in der B\u00fcchernacht&#8220;<\/strong> &#8211; Kathrin-Lemke-Trio<br \/>\n19:00 &#8211; 20:00 \/ 21:00 \u2013 22:00 \/ 23:00 \u2013 00:00 Uhr<br \/>\nDas Kathrin-Lemke-Trio spielt Jazz-Klassiker und eigene Kompositionen. Die drei K\u00fcnstler sind mit eigenen Projekten und als Theatermusiker vielgefragte Akteure der Berliner Jazzszene.<\/p>\n<p><strong>Rafael Horzon<\/strong> &#8211; Lesung und Diskussion<br \/>\n20:00 &#8211; 21:00 Uhr<br \/>\nModeration: Prof. Oliver Lubrich<br \/>\nRafael Horzon \u2013 Shootingstar der Literaturszene: \u201eDas wei\u00dfe Buch\u201c (Suhrkamp Verlag 2010) ein Schelmenroman oder Geschichten aus seinem Leben? Als Student und Paketfahrer gescheitert, baute er das modocom-Imperium auf: Modelabel, Partnertrennungsagentur, Nachtklub oder Apfelkuchenhandel \u2013 eine bahnbrechende Idee nach der anderen. Mit einem F\u00f6hn begeisterte er die Kunstwelt, mit der Kopfkrawatte revolutionierte er die Mode, mit der Erfindung eines perfekten Buchregals verdr\u00e4ngte er Billy vom Markt \u2026 Oliver Lubrich ist Juniorprofessor f\u00fcr Allgemeine und Vergleichende Literaturwissenschaft an der FU Berlin.<\/p>\n<p><strong>Katharina Hacker<\/strong> &#8211; Lesung und Diskussion<br \/>\n22:00 &#8211; 23:00 Uhr<br \/>\nModeration: Prof. Remigius Bunia<br \/>\nKatharina Hacker, die f\u00fcr ihren Roman &#8222;Die Habenichtse\u201c 2006 den Deutschen Buchpreis erhielt, lebt als freie Schriftstellerin in Berlin. Mit \u201eAnton, Alix und die Anderen\u201c (Suhrkamp, 2009) hat sie eine Berlin-Trilogie \u00fcber das Lebensgef\u00fchl von Vierzigj\u00e4hrigen begonnen, die in Sch\u00f6neberg oder Kreuzberg wohnen, in Zehlendorf essen gehen und um den Schlachtensee wandern. Mit ihrer 2010 erschienenen Novelle &#8222;Die Erdbeeren von Antons Mutter&#8220; (Hansa) hat Katharina Hacker die Geschichte ihrer Protagonisten fortgesetzt. Remigius Bunia ist Juniorprofessor f\u00fcr Allgemeine und Vergleichende Literaturwissenschaft an der FU Berlin.<\/p>\n<p>&#8222;Burying Theory&#8220; \u2013 <strong>Performance von MP Warming<\/strong><br \/>\nAb 00:00 Uhr<br \/>\nDie mittern\u00e4chtliche Performance der amerikanischen Aktionsk\u00fcnstlerin MP Warming ist Teil ihrer Installation <a href=\"https:\/\/www.mpwarming.com\/moth_home.html\">\u201eMoth\/Pod Possibilities Project \u2013 Die M\u00f6glichkeitsformen des Falters\u201c<\/a>: Rund um die Philologische Bibliothek reflektiert sie in 33 lichtdurchl\u00e4ssigen Zeichnungen m\u00f6gliche Verbindungen von Lord Norman Fosters \u201eBrain-Architektur\u201c mit Neurowissenschaften und Schmetterlingsstudien.<\/p>\n<p><strong>Bereichsbibliothek Erziehungswissenschaft, Fachdidaktik und Psychologie<\/strong><br \/>\n<strong>Drum Performance<\/strong> &#8211; Perkussionsensemble &#8222;Chon Dung Sori&#8220;<br \/>\n19:30 &#8211; 20:00 Uhr \/ 22:00 \u2013 22:30 Uhr<br \/>\nDas koreanische Drum-Ensemble ChonDungSori (&#8222;Die Stimme des Donners&#8220;) ist Preistr\u00e4ger von verschiedenen nationalen und internationalen Wettbewerben, u.a. Musica Vitale (1995, Deutschland), SamulNori International Drum Festival (1999, 2002, 2005 Korea) und Karneval der Kulturen (2001, Deutschland).<\/p>\n<p><strong>Wladimir Kaminer<\/strong> &#8211; Lesung und Diskussion<br \/>\n21:00 &#8211; 22:00 Uhr<br \/>\nModeration: Prof. Remigius Bunia<br \/>\nWladimir Kaminer wurde 1967 in Moskau geboren. Er absolvierte eine Ausbildung zum Toningenieur f\u00fcr Theater und Rundfunk und studierte anschlie\u00dfend Dramaturgie am Moskauer Theaterinstitut. Seit 1990 lebt er mit seiner Frau und seinen beiden Kindern in Berlin. Mit der Erz\u00e4hlsammlung &#8222;Russendisko&#8220; sowie zahlreichen weiteren B\u00fcchern (zuletzt: &#8222;Meine kaukasische Schwiegermutter&#8220;) avancierte Wladimir Kaminer zu einem der beliebtesten Autoren Deutschlands.<\/p>\n<p><strong>Die Gorillas<\/strong> &#8211; Spontanes Wissen, schnelles Denken Improvisationstheater rund um das Thema Buch<br \/>\n23:00 &#8211; 00:00 Uhr<br \/>\nBerlins bekanntestes Improvisationstheater arbeitet seit 1997 in Berlin in unver\u00e4nderter Besetzung zusammen. &#8222;Die Gorillas&#8220; holen das ganze Leben auf die B\u00fchne und inszenieren es jeden Abend neu.<\/p>\n<p>Beide Bibliotheken bieten F\u00fchrungen an. In der Bereichsbbliothek Erziehungswissenschaften findet eine <strong>Pr\u00e4sentation des <a href=\"https:\/\/www.ub.fu-berlin.de\/projekt24in1\/\">Neubauprojekts f\u00fcr die sog. \u201eKleinen F\u00e4cher\u201c<\/a><\/strong> statt. F\u00fcr das leibliche Wohl unserer G\u00e4ste wird im \u201eCaf\u00e9 Kauderwelsch\u201c gesorgt (Snacks, Getr\u00e4nke). Der Eintritt f\u00fcr alle kulturellen Darbietungen ist kostenlos. Termin bitte vormerken. Wir freuen uns auf zahlreiche BesucherInnen!!<\/p>\n","protected":false},"excerpt":{"rendered":"<p>Gro\u00dfe Ereignisse werfen ihre Schatten voraus. Unter dem Motto &#8222;Bibliotheken f\u00fcr die Zukunft \u2013 Zukunft f\u00fcr die Bibliotheken&#8220; findet der 100. Deutsche Bibliothekartag vom 7. bis 10. Juni 2011 standesgem\u00e4\u00df in Berlin statt (weitere Informationen unter https:\/\/www.bibliothekartag2011.de\/). Im Zusammenhang damit wurde auch die &#8222;Lange Nacht der Bibliotheken&#8220; ins Leben gerufen, die diesj\u00e4hrig erstmals an \u00fcber &hellip; <a href=\"https:\/\/blogs.fu-berlin.de\/bibliotheken\/2011\/05\/01\/erste-lange-nacht-der-bibliotheken-in-berlin-am-8-juni-2011\/\" class=\"more-link\"><span class=\"screen-reader-text\">\u201eErste &#8222;Lange Nacht der Bibliotheken&#8220; in Berlin am 8. Juni 2011\u201c<\/span> weiterlesen<\/a><\/p>\n","protected":false},"author":267,"featured_media":0,"comment_status":"open","ping_status":"open","sticky":false,"template":"","format":"standard","meta":{"footnotes":""},"categories":[9,599,600,70],"tags":[2295],"class_list":["post-7575","post","type-post","status-publish","format-standard","hentry","category-allgemein","category-bibliothekswesen","category-fachbibliotheken","category-veranstaltungen","tag-lange-nacht-der-bibliotheken"],"_links":{"self":[{"href":"https:\/\/blogs.fu-berlin.de\/bibliotheken\/wp-json\/wp\/v2\/posts\/7575","targetHints":{"allow":["GET"]}}],"collection":[{"href":"https:\/\/blogs.fu-berlin.de\/bibliotheken\/wp-json\/wp\/v2\/posts"}],"about":[{"href":"https:\/\/blogs.fu-berlin.de\/bibliotheken\/wp-json\/wp\/v2\/types\/post"}],"author":[{"embeddable":true,"href":"https:\/\/blogs.fu-berlin.de\/bibliotheken\/wp-json\/wp\/v2\/users\/267"}],"replies":[{"embeddable":true,"href":"https:\/\/blogs.fu-berlin.de\/bibliotheken\/wp-json\/wp\/v2\/comments?post=7575"}],"version-history":[{"count":16,"href":"https:\/\/blogs.fu-berlin.de\/bibliotheken\/wp-json\/wp\/v2\/posts\/7575\/revisions"}],"predecessor-version":[{"id":7577,"href":"https:\/\/blogs.fu-berlin.de\/bibliotheken\/wp-json\/wp\/v2\/posts\/7575\/revisions\/7577"}],"wp:attachment":[{"href":"https:\/\/blogs.fu-berlin.de\/bibliotheken\/wp-json\/wp\/v2\/media?parent=7575"}],"wp:term":[{"taxonomy":"category","embeddable":true,"href":"https:\/\/blogs.fu-berlin.de\/bibliotheken\/wp-json\/wp\/v2\/categories?post=7575"},{"taxonomy":"post_tag","embeddable":true,"href":"https:\/\/blogs.fu-berlin.de\/bibliotheken\/wp-json\/wp\/v2\/tags?post=7575"}],"curies":[{"name":"wp","href":"https:\/\/api.w.org\/{rel}","templated":true}]}}