{"id":7667,"date":"2011-05-10T12:40:34","date_gmt":"2011-05-10T11:40:34","guid":{"rendered":"https:\/\/blogs.fu-berlin.de\/bibliotheken\/?p=7667"},"modified":"2011-05-10T12:40:34","modified_gmt":"2011-05-10T11:40:34","slug":"radeldemo-fur-bibliotheken-am-7-juni","status":"publish","type":"post","link":"https:\/\/blogs.fu-berlin.de\/bibliotheken\/2011\/05\/10\/radeldemo-fur-bibliotheken-am-7-juni\/","title":{"rendered":"Radeldemo f\u00fcr Bibliotheken am 7. Juni"},"content":{"rendered":"<p>Im Rahmen des 100. Bibliothekartages in Berlin findet eine Fahrrad-Demonstration von BibliothekarInnen, BibliotheksnutzerInnen und BibliotheksfreundInnen durch Berlin statt. Damit soll ein \u00f6ffentlichkeits- und medienwirksames Zeichen f\u00fcr die wichtigen Belange und Funktionen von Bibliotheken in unserer heutigen Gesellschaft gesetzt werden. <\/p>\n<p><img loading=\"lazy\" decoding=\"async\" src=\"https:\/\/blogs.fu-berlin.de\/bibliotheken\/files\/2011\/01\/cyc4lib-banner2.jpg\" alt=\"\" title=\"cyc4lib-banner2\" width=\"200\" height=\"118\" class=\"alignright size-full wp-image-7015\" \/><\/a>Eine Gruppe von 100 internationalen RadlerInnen macht sich bereits Ende Mai von Kopenhagen aus auf den Weg nach Berlin. Sie wird am 7. Juni willkommen gehei\u00dfen und mit der gro\u00dfen Fahrrad-Demonstration ab 9.30 Uhr am Treffpunkt Berlin-Hauptbahnhof auf ihrer letzten Etappe durch Berlin begleitet.<\/p>\n<h2><strong>Machen Sie mit und seien Sie bei diesem einmaligen Erlebnis dabei!<\/strong><\/h2>\n<ul>\n<li><strong>Treffpunkt<\/strong><br \/>\nHauptbahnhof Berlin | Sammelplatz ist die kleine Stra\u00dfe \u201aAlexanderufer\u2018 (auf Googlemaps unter \u201eHumboldthafen\u201c) \u00f6stlich des Hbfs am Humboldthafen gelegen | vom Hauptbahnhof drei Minuten Fu\u00dfweg | Abholung der Mietr\u00e4der<\/li>\n<li><strong>Tour durch Berlin<\/strong><br \/>\nHauptbahnhof | Regierungsviertel | Mitte | Kreuzberg | Sonnenallee | Hotel Estrel (L\u00e4nge: ca. 9 km)<\/li>\n<li><strong>Zieleinfahrt<\/strong><br \/>\nDie Zielgerade ist vor dem Konferenzzentrum Estrel, in dem der 100. Bibliothekartag stattfinden wird. Zieleinfahrt p\u00fcnktlich um 10.30 Uhr zur Pressekonferenz.<\/li>\n<li><strong>Betreuung<\/strong><br \/>\nDer adfc Berlin e.V. (Allgemeiner Deutscher Fahrrad-Club <a href=\"https:\/\/www.adfc.de\">www.adfc.de<\/a>) ist f\u00fcr die Routenplanung, Antragstellung und die Betreuung w\u00e4hrend der Tour vor Ort. Erfahrene Ordnungskr\u00e4fte, technische Unterst\u00fctzer und das Deutsche Rote Kreuz fahren au\u00dferdem mit! Die Fahrt ist als politische Demonstration angemeldet.<\/li>\n<li><strong>Registrierung<\/strong><br \/>\nEine Anmeldung zur Teilnahme an dieser Fahrrad-Demonstration ist erforderlich \u2013 auch wenn Sie mit Ihrem eigenen Fahrrad teilnehmen. Bitte melden Sie sich einfach an bei: klauser@bibliotheksverband.de<br \/>\nWenn Sie ein Mietfahrrad ben\u00f6tigen, geben Sie dies bitte mit an.<\/li>\n<li><strong>Geb\u00fchren<\/strong><br \/>\nDie Teilnahme ist kostenlos! Die Geb\u00fchr f\u00fcr ein Mietfahrrad betr\u00e4gt 15 EUR.<\/li>\n<\/ul>\n","protected":false},"excerpt":{"rendered":"<p>Im Rahmen des 100. Bibliothekartages in Berlin findet eine Fahrrad-Demonstration von BibliothekarInnen, BibliotheksnutzerInnen und BibliotheksfreundInnen durch Berlin statt. Damit soll ein \u00f6ffentlichkeits- und medienwirksames Zeichen f\u00fcr die wichtigen Belange und Funktionen von Bibliotheken in unserer heutigen Gesellschaft gesetzt werden. Eine Gruppe von 100 internationalen RadlerInnen macht sich bereits Ende Mai von Kopenhagen aus auf den &hellip; <a href=\"https:\/\/blogs.fu-berlin.de\/bibliotheken\/2011\/05\/10\/radeldemo-fur-bibliotheken-am-7-juni\/\" class=\"more-link\"><span class=\"screen-reader-text\">\u201eRadeldemo f\u00fcr Bibliotheken am 7. Juni\u201c<\/span> weiterlesen<\/a><\/p>\n","protected":false},"author":265,"featured_media":0,"comment_status":"open","ping_status":"open","sticky":false,"template":"","format":"standard","meta":{"footnotes":""},"categories":[9,599,70],"tags":[2319,2173],"class_list":["post-7667","post","type-post","status-publish","format-standard","hentry","category-allgemein","category-bibliothekswesen","category-veranstaltungen","tag-bibliothekartag-berlin","tag-cycling-for-libraries"],"_links":{"self":[{"href":"https:\/\/blogs.fu-berlin.de\/bibliotheken\/wp-json\/wp\/v2\/posts\/7667","targetHints":{"allow":["GET"]}}],"collection":[{"href":"https:\/\/blogs.fu-berlin.de\/bibliotheken\/wp-json\/wp\/v2\/posts"}],"about":[{"href":"https:\/\/blogs.fu-berlin.de\/bibliotheken\/wp-json\/wp\/v2\/types\/post"}],"author":[{"embeddable":true,"href":"https:\/\/blogs.fu-berlin.de\/bibliotheken\/wp-json\/wp\/v2\/users\/265"}],"replies":[{"embeddable":true,"href":"https:\/\/blogs.fu-berlin.de\/bibliotheken\/wp-json\/wp\/v2\/comments?post=7667"}],"version-history":[{"count":24,"href":"https:\/\/blogs.fu-berlin.de\/bibliotheken\/wp-json\/wp\/v2\/posts\/7667\/revisions"}],"predecessor-version":[{"id":7693,"href":"https:\/\/blogs.fu-berlin.de\/bibliotheken\/wp-json\/wp\/v2\/posts\/7667\/revisions\/7693"}],"wp:attachment":[{"href":"https:\/\/blogs.fu-berlin.de\/bibliotheken\/wp-json\/wp\/v2\/media?parent=7667"}],"wp:term":[{"taxonomy":"category","embeddable":true,"href":"https:\/\/blogs.fu-berlin.de\/bibliotheken\/wp-json\/wp\/v2\/categories?post=7667"},{"taxonomy":"post_tag","embeddable":true,"href":"https:\/\/blogs.fu-berlin.de\/bibliotheken\/wp-json\/wp\/v2\/tags?post=7667"}],"curies":[{"name":"wp","href":"https:\/\/api.w.org\/{rel}","templated":true}]}}