{"id":7807,"date":"2011-05-18T15:04:50","date_gmt":"2011-05-18T14:04:50","guid":{"rendered":"https:\/\/blogs.fu-berlin.de\/bibliotheken\/?p=7807"},"modified":"2011-05-18T15:16:26","modified_gmt":"2011-05-18T14:16:26","slug":"auszeichnungen-fur-roth-und-delius","status":"publish","type":"post","link":"https:\/\/blogs.fu-berlin.de\/bibliotheken\/2011\/05\/18\/auszeichnungen-fur-roth-und-delius\/","title":{"rendered":"Auszeichnungen f\u00fcr Roth und Delius"},"content":{"rendered":"<p>Mit dem Man Booker International Prize und dem Georg-B\u00fcchner-Preis sind heute zwei der wichtigsten Auszeichnungen der Literaturszene vergeben worden.<\/p>\n<p>Erstgenannter Preis wurde Philip Roth <a href=\"https:\/\/www.themanbookerprize.com\/news\/stories\/1502\">zuteil<\/a>. Der Amerikaner hat sich in den vergangenen sechs Jahrzehnten einen Namen durch zahlreiche Romane, Erz\u00e4hlungen und Essays gemacht hat, in denen er dem j\u00fcdischen Leben in den USA, dem \u201eAmerikanischen Idyll\u201c und der Ideologie der \u201ePolitical Correctness\u201c nachgeht. 1998 erhielt er f\u00fcr den Roman <em>American Pastoral<\/em> den Pulitzer-Preis zugesprochen, der den Zusammenbruch einer amerikanischen Vorzeigefamilie behandelt. \u201eSeine (Roths) Vorstellungsgabe hat nicht nur unsere Vorstellung von j\u00fcdischer Identit\u00e4t neu geformt, sie hat auch die Dichtung neu belebt, und nicht nur die amerikanische Dichtung.\u201c, so die Preisjury. Roth z\u00e4hlt damit zu den h\u00f6chstdekorierten zeitgen\u00f6ssischen US-Autoren. Nur der Nobelpreis fehlt in seiner Sammlung, f\u00fcr den er seit Jahren gehandelt wird. Ob es wohl 2011 damit klappt?<\/p>\n<p><img decoding=\"async\" src=\"https:\/\/upload.wikimedia.org\/wikipedia\/commons\/thumb\/2\/2c\/DELIUS_cropped.jpg\/82px-DELIUS_cropped.jpg\" alt=\"\" align=\"right\" \/>Der Georg-B\u00fcchner-Preis wird j\u00e4hrlich von der Deutschen Akademie f\u00fcr Sprache und Dichtung verliehen und geht an Autoren, die sich durch ihre Arbeit um die deutschsprachige Literatur verdient gemacht haben. Nachdem im letzten Jahr Reinhard Jirgl geehrt wurde, geht die <a href=\"https:\/\/www.deutscheakademie.de\/aktuell3.htm\">Auszeichnung 2011<\/a> an Friedrich Christian Delius. Der Pfarrerssohn ver\u00f6ffentlichte bereits als 19-J\u00e4hriger erste Gedichte und studierte in Berlin Literaturwissenschaft an der FU und TU. Bekanntheit erlange der 68er-Vertreter durch seine bissigen literarischen Dokumentationen (<em>Wir Unternehmer<\/em>, 1965; <em>Unsere Siemens-Welt<\/em>, 1972).  In seinen zeitgen\u00f6ssischen Romanen nahm sich Delius unter anderem den Studentenunruhen, dem Deutschen Herbst 1977 (<em>Ein Held der inneren Sicherheit<\/em>, 1981; <em>Mogadischu Fensterplatz<\/em>, 1987) und der Wiedervereinigung (<em>Die Birnen von Ribbeck<\/em>, 1991) an. Weitere von der Kritik gelobte Werke sind (semi-)autobiografischen Ursprungs (<em>Amerikahaus und Der Tanz um die Frauen<\/em>, 1997; <em>Mein Jahr als M\u00f6rder<\/em>; 2004). Delius bisher letzter Roman, <em>Die Frau, f\u00fcr die ich den Computer erfand<\/em> (2009), erz\u00e4hlt von Konrad Zuse und den Beginn des digitalen Zeitalters.<\/p>\n<ul>\n<li><a href=\"https:\/\/opac.fu-berlin.de\/?func=find-e&amp;request=Philip+Roth&amp;find_scan_code=FIND_WPE&amp;adjacent=N\">Werke von Philip Roth im FU-Katalog<\/a><\/li>\n<\/ul>\n<ul>\n<li><a href=\"https:\/\/opac.fu-berlin.de\/?func=find-e&amp;request=Friedrich+Christian+Delius&amp;find_scan_code=FIND_WPE&amp;adjacent=N\">Werke von Friedrich Christian Delius im FU-Katalog<\/a><\/li>\n<\/ul>\n<h6>Danke f\u00fcr das Bild an <a href=\"https:\/\/commons.wikimedia.org\/wiki\/File:DELIUS_cropped.jpg?uselang=de?uselang=de\">WikiCommons<\/a>!<\/h6>\n","protected":false},"excerpt":{"rendered":"<p>Mit dem Man Booker International Prize und dem Georg-B\u00fcchner-Preis sind heute zwei der wichtigsten Auszeichnungen der Literaturszene vergeben worden. Erstgenannter Preis wurde Philip Roth zuteil. Der Amerikaner hat sich in den vergangenen sechs Jahrzehnten einen Namen durch zahlreiche Romane, Erz\u00e4hlungen und Essays gemacht hat, in denen er dem j\u00fcdischen Leben in den USA, dem \u201eAmerikanischen &hellip; <a href=\"https:\/\/blogs.fu-berlin.de\/bibliotheken\/2011\/05\/18\/auszeichnungen-fur-roth-und-delius\/\" class=\"more-link\"><span class=\"screen-reader-text\">\u201eAuszeichnungen f\u00fcr Roth und Delius\u201c<\/span> weiterlesen<\/a><\/p>\n","protected":false},"author":293,"featured_media":0,"comment_status":"open","ping_status":"open","sticky":false,"template":"","format":"standard","meta":{"footnotes":""},"categories":[9,604,492],"tags":[2346,2344,2347,2345],"class_list":["post-7807","post","type-post","status-publish","format-standard","hentry","category-allgemein","category-ins-netz-geschaut","category-literaturtipps","tag-friedrich-christian-delius","tag-georg-buchner-preis-2011","tag-man-booker-prize-2011","tag-philip-roth"],"_links":{"self":[{"href":"https:\/\/blogs.fu-berlin.de\/bibliotheken\/wp-json\/wp\/v2\/posts\/7807","targetHints":{"allow":["GET"]}}],"collection":[{"href":"https:\/\/blogs.fu-berlin.de\/bibliotheken\/wp-json\/wp\/v2\/posts"}],"about":[{"href":"https:\/\/blogs.fu-berlin.de\/bibliotheken\/wp-json\/wp\/v2\/types\/post"}],"author":[{"embeddable":true,"href":"https:\/\/blogs.fu-berlin.de\/bibliotheken\/wp-json\/wp\/v2\/users\/293"}],"replies":[{"embeddable":true,"href":"https:\/\/blogs.fu-berlin.de\/bibliotheken\/wp-json\/wp\/v2\/comments?post=7807"}],"version-history":[{"count":10,"href":"https:\/\/blogs.fu-berlin.de\/bibliotheken\/wp-json\/wp\/v2\/posts\/7807\/revisions"}],"predecessor-version":[{"id":12697,"href":"https:\/\/blogs.fu-berlin.de\/bibliotheken\/wp-json\/wp\/v2\/posts\/7807\/revisions\/12697"}],"wp:attachment":[{"href":"https:\/\/blogs.fu-berlin.de\/bibliotheken\/wp-json\/wp\/v2\/media?parent=7807"}],"wp:term":[{"taxonomy":"category","embeddable":true,"href":"https:\/\/blogs.fu-berlin.de\/bibliotheken\/wp-json\/wp\/v2\/categories?post=7807"},{"taxonomy":"post_tag","embeddable":true,"href":"https:\/\/blogs.fu-berlin.de\/bibliotheken\/wp-json\/wp\/v2\/tags?post=7807"}],"curies":[{"name":"wp","href":"https:\/\/api.w.org\/{rel}","templated":true}]}}