{"id":7943,"date":"2011-06-06T14:16:16","date_gmt":"2011-06-06T13:16:16","guid":{"rendered":"https:\/\/blogs.fu-berlin.de\/bibliotheken\/?p=7943"},"modified":"2011-06-06T14:16:48","modified_gmt":"2011-06-06T13:16:48","slug":"mitternachts-performance-im-hof-der-philologischen-bibliothek","status":"publish","type":"post","link":"https:\/\/blogs.fu-berlin.de\/bibliotheken\/2011\/06\/06\/mitternachts-performance-im-hof-der-philologischen-bibliothek\/","title":{"rendered":"Mitternachts-Performance im Hof der Philologischen Bibliothek"},"content":{"rendered":"<p>In der <a href=\"https:\/\/www.fu-berlin.de\/bibliothek\/philbib\/news\/langenachtderbibliotheken.html\" target=\"_blank\">Langen Nacht der Bibliotheken<\/a> am 8.6.2011 l\u00e4dt uns  die amerikanische Aktionsk\u00fcnstlerin <a href=\"https:\/\/www.fu-berlin.de\/bibliothek\/philbib\/news\/moth_pod_possibilities.html\" target=\"_blank\">mp Warming<\/a> zu einer mittern\u00e4chtlichen Performance  in den vorderen Hof der Philologischen Bibliothek ein:<\/p>\n<p><a href=\"https:\/\/blogs.fu-berlin.de\/bibliotheken\/files\/2011\/06\/burying_flyer3_550.jpg\"><img loading=\"lazy\" decoding=\"async\" class=\"size-full wp-image-7944   alignleft\" title=\"burying_flyer3_550\" src=\"https:\/\/blogs.fu-berlin.de\/bibliotheken\/files\/2011\/06\/burying_flyer3_550.jpg\" alt=\"\" width=\"550\" height=\"786\" srcset=\"https:\/\/blogs.fu-berlin.de\/bibliotheken\/files\/2011\/06\/burying_flyer3_550.jpg 550w, https:\/\/blogs.fu-berlin.de\/bibliotheken\/files\/2011\/06\/burying_flyer3_550-209x300.jpg 209w\" sizes=\"auto, (max-width: 550px) 85vw, 550px\" \/><\/a><\/p>\n","protected":false},"excerpt":{"rendered":"<p>In der Langen Nacht der Bibliotheken am 8.6.2011 l\u00e4dt uns die amerikanische Aktionsk\u00fcnstlerin mp Warming zu einer mittern\u00e4chtlichen Performance in den vorderen Hof der Philologischen Bibliothek ein:<\/p>\n","protected":false},"author":388,"featured_media":0,"comment_status":"open","ping_status":"open","sticky":false,"template":"","format":"standard","meta":{"footnotes":""},"categories":[9,600,70],"tags":[2295,2340,515],"class_list":["post-7943","post","type-post","status-publish","format-standard","hentry","category-allgemein","category-fachbibliotheken","category-veranstaltungen","tag-lange-nacht-der-bibliotheken","tag-mp-warming","tag-philologische-bibliothek"],"_links":{"self":[{"href":"https:\/\/blogs.fu-berlin.de\/bibliotheken\/wp-json\/wp\/v2\/posts\/7943","targetHints":{"allow":["GET"]}}],"collection":[{"href":"https:\/\/blogs.fu-berlin.de\/bibliotheken\/wp-json\/wp\/v2\/posts"}],"about":[{"href":"https:\/\/blogs.fu-berlin.de\/bibliotheken\/wp-json\/wp\/v2\/types\/post"}],"author":[{"embeddable":true,"href":"https:\/\/blogs.fu-berlin.de\/bibliotheken\/wp-json\/wp\/v2\/users\/388"}],"replies":[{"embeddable":true,"href":"https:\/\/blogs.fu-berlin.de\/bibliotheken\/wp-json\/wp\/v2\/comments?post=7943"}],"version-history":[{"count":12,"href":"https:\/\/blogs.fu-berlin.de\/bibliotheken\/wp-json\/wp\/v2\/posts\/7943\/revisions"}],"predecessor-version":[{"id":7956,"href":"https:\/\/blogs.fu-berlin.de\/bibliotheken\/wp-json\/wp\/v2\/posts\/7943\/revisions\/7956"}],"wp:attachment":[{"href":"https:\/\/blogs.fu-berlin.de\/bibliotheken\/wp-json\/wp\/v2\/media?parent=7943"}],"wp:term":[{"taxonomy":"category","embeddable":true,"href":"https:\/\/blogs.fu-berlin.de\/bibliotheken\/wp-json\/wp\/v2\/categories?post=7943"},{"taxonomy":"post_tag","embeddable":true,"href":"https:\/\/blogs.fu-berlin.de\/bibliotheken\/wp-json\/wp\/v2\/tags?post=7943"}],"curies":[{"name":"wp","href":"https:\/\/api.w.org\/{rel}","templated":true}]}}