{"id":7957,"date":"2011-06-06T15:02:07","date_gmt":"2011-06-06T14:02:07","guid":{"rendered":"https:\/\/blogs.fu-berlin.de\/bibliotheken\/?p=7957"},"modified":"2011-06-06T15:02:07","modified_gmt":"2011-06-06T14:02:07","slug":"schriftstellerin-katharina-hacker-zu-gast-in-der-philologischen-bibliothek","status":"publish","type":"post","link":"https:\/\/blogs.fu-berlin.de\/bibliotheken\/2011\/06\/06\/schriftstellerin-katharina-hacker-zu-gast-in-der-philologischen-bibliothek\/","title":{"rendered":"Schriftstellerin Katharina Hacker zu Gast in der Philologischen Bibliothek"},"content":{"rendered":"<p>In der <a href=\"https:\/\/www.fu-berlin.de\/bibliothek\/philbib\/news\/LNdB_-_Eintritt_fei_.html\" target=\"_blank\">Langen Nacht der Bibliotheken<\/a> am 8.6.2011 wird Katharina Hacker um 22 Uhr in der Philologischen Bibliothek aus Ihrer 2010 erschienenen Novelle &#8222;Die Erdbeeren von Antons Mutter&#8220; (Hansa) lesen.<\/p>\n<p>Hier setzt Katharina Hacker, die selbst als freie Schriftstellerin in Berlin lebt, die Geschichten ihrer West-Berliner Protagonisten um die Vierzig aus &#8222;Anton, Alix und die Anderen&#8220; (Suhrkamp, 2009) fort, dem ersten Band ihrer Berlin-Trilogie.<\/p>\n<p>\u00dcber ihr Berlin-Bild und den Wirklichkeitsbezug ihrer Literatur wird Katharina Hacker im Anschluss mit Prof. Dr. Remigius Bunia (Peter Szondi-Institut f\u00fcr Allgemeine und Vergleichende Literaturwissenschaft der FU Berlin) und dem Publikum diskutieren. Wer gerne mehr \u00fcber Anton, Alix und ihre Autorin wissen m\u00f6chte, hat jetzt die Gelegenheit zu fragen!<\/p>\n<p style=\"text-align: center\"><a href=\"https:\/\/blogs.fu-berlin.de\/bibliotheken\/files\/2011\/06\/th-20_katharinahacker.jpg\"><img loading=\"lazy\" decoding=\"async\" class=\"size-full wp-image-7958 aligncenter\" title=\"Quelle: https:\/\/www.katharinahacker.de\/index.php?\/vita\/\" src=\"https:\/\/blogs.fu-berlin.de\/bibliotheken\/files\/2011\/06\/th-20_katharinahacker.jpg\" alt=\"\" width=\"129\" height=\"200\" \/><\/a><\/p>\n<p style=\"text-align: center\">\n","protected":false},"excerpt":{"rendered":"<p>In der Langen Nacht der Bibliotheken am 8.6.2011 wird Katharina Hacker um 22 Uhr in der Philologischen Bibliothek aus Ihrer 2010 erschienenen Novelle &#8222;Die Erdbeeren von Antons Mutter&#8220; (Hansa) lesen. Hier setzt Katharina Hacker, die selbst als freie Schriftstellerin in Berlin lebt, die Geschichten ihrer West-Berliner Protagonisten um die Vierzig aus &#8222;Anton, Alix und die &hellip; <a href=\"https:\/\/blogs.fu-berlin.de\/bibliotheken\/2011\/06\/06\/schriftstellerin-katharina-hacker-zu-gast-in-der-philologischen-bibliothek\/\" class=\"more-link\"><span class=\"screen-reader-text\">\u201eSchriftstellerin Katharina Hacker zu Gast in der Philologischen Bibliothek\u201c<\/span> weiterlesen<\/a><\/p>\n","protected":false},"author":388,"featured_media":0,"comment_status":"open","ping_status":"open","sticky":false,"template":"","format":"standard","meta":{"footnotes":""},"categories":[9,600,70],"tags":[2358,2295,832,515],"class_list":["post-7957","post","type-post","status-publish","format-standard","hentry","category-allgemein","category-fachbibliotheken","category-veranstaltungen","tag-katharina-hacker","tag-lange-nacht-der-bibliotheken","tag-lesung","tag-philologische-bibliothek"],"_links":{"self":[{"href":"https:\/\/blogs.fu-berlin.de\/bibliotheken\/wp-json\/wp\/v2\/posts\/7957","targetHints":{"allow":["GET"]}}],"collection":[{"href":"https:\/\/blogs.fu-berlin.de\/bibliotheken\/wp-json\/wp\/v2\/posts"}],"about":[{"href":"https:\/\/blogs.fu-berlin.de\/bibliotheken\/wp-json\/wp\/v2\/types\/post"}],"author":[{"embeddable":true,"href":"https:\/\/blogs.fu-berlin.de\/bibliotheken\/wp-json\/wp\/v2\/users\/388"}],"replies":[{"embeddable":true,"href":"https:\/\/blogs.fu-berlin.de\/bibliotheken\/wp-json\/wp\/v2\/comments?post=7957"}],"version-history":[{"count":5,"href":"https:\/\/blogs.fu-berlin.de\/bibliotheken\/wp-json\/wp\/v2\/posts\/7957\/revisions"}],"predecessor-version":[{"id":7963,"href":"https:\/\/blogs.fu-berlin.de\/bibliotheken\/wp-json\/wp\/v2\/posts\/7957\/revisions\/7963"}],"wp:attachment":[{"href":"https:\/\/blogs.fu-berlin.de\/bibliotheken\/wp-json\/wp\/v2\/media?parent=7957"}],"wp:term":[{"taxonomy":"category","embeddable":true,"href":"https:\/\/blogs.fu-berlin.de\/bibliotheken\/wp-json\/wp\/v2\/categories?post=7957"},{"taxonomy":"post_tag","embeddable":true,"href":"https:\/\/blogs.fu-berlin.de\/bibliotheken\/wp-json\/wp\/v2\/tags?post=7957"}],"curies":[{"name":"wp","href":"https:\/\/api.w.org\/{rel}","templated":true}]}}