{"id":7972,"date":"2011-06-10T16:11:44","date_gmt":"2011-06-10T15:11:44","guid":{"rendered":"https:\/\/blogs.fu-berlin.de\/bibliotheken\/?p=7972"},"modified":"2011-06-14T09:54:14","modified_gmt":"2011-06-14T08:54:14","slug":"fami-gewinnt-lenk-preis-im-rahmen-des-100-bibliothekartages-in-berlin","status":"publish","type":"post","link":"https:\/\/blogs.fu-berlin.de\/bibliotheken\/2011\/06\/10\/fami-gewinnt-lenk-preis-im-rahmen-des-100-bibliothekartages-in-berlin\/","title":{"rendered":"FaMI gewinnt Lenk-Preis im Rahmen des 100. Bibliothekartages in Berlin"},"content":{"rendered":"<p>Bis zum 10.6.2011 treffen sich in Berlin \u00fcber 4000 Bibliothekarinnen und Bibliothekare beim 100. Deutschen Bibliothekartag zu Fortbildungsanstaltungen und zum kollegialen Austausch. Im Rahmen dieses Kongresses wurde in diesem Jahr erstmalig der Lenk-F\u00f6rderpreis f\u00fcr die beste <a href=\"https:\/\/www.ub.fu-berlin.de\/service_neu\/ausbildung\/fami\/\">Fachangestellte f\u00fcr Medien- und Informationsdienste<\/a> in Berlin-Brandenburg vergeben. <\/p>\n<p><a href=\"https:\/\/blogs.fu-berlin.de\/bibliotheken\/2011\/06\/10\/fami-gewinnt-lenk-preis-im-rahmen-des-100-bibliothekartages-in-berlin\/fritzib\/\" rel=\"attachment wp-att-7976\"><img loading=\"lazy\" decoding=\"async\" src=\"https:\/\/blogs.fu-berlin.de\/bibliotheken\/files\/2011\/06\/fritzib.jpg\" alt=\"\" title=\"fritzib\" width=\"126\" height=\"150\" class=\"alignright size-full wp-image-7976\" \/><\/a>Dieser von der auf Bibliothekseinrichtungen spezialisierten Firma Lenk gestiftete Preis wurde f\u00fcr sehr gute Pr\u00fcfungsleistungen an Fritzi Becker, Auszubildende der Freien Universit\u00e4t Berlin, vergeben. Neben einer speziell angefertigten Lampe gewinnt sie ein Wochenende Urlaub im Erzgebirge. \ud83d\ude2e<\/p>\n<p>Herzlichen Gl\u00fcckwunsch!  <\/p>\n<p>Wir freuen uns f\u00fcr Frau Becker, die wir durch die an der FU gef\u00f6rderte Weiterbesch\u00e4ftigung eigener Auszubildender auch in Zukunft im KollegInnenkreis der Universit\u00e4tsbibliothek behalten k\u00f6nnen. <\/p>\n<h6>Dank f\u00fcr diesen Text an Simone Sch\u00fctte, Ausbildungsleiterin an der Universit\u00e4tsbibliothek der FU Berlin!<\/h6>\n","protected":false},"excerpt":{"rendered":"<p>Bis zum 10.6.2011 treffen sich in Berlin \u00fcber 4000 Bibliothekarinnen und Bibliothekare beim 100. Deutschen Bibliothekartag zu Fortbildungsanstaltungen und zum kollegialen Austausch. Im Rahmen dieses Kongresses wurde in diesem Jahr erstmalig der Lenk-F\u00f6rderpreis f\u00fcr die beste Fachangestellte f\u00fcr Medien- und Informationsdienste in Berlin-Brandenburg vergeben. Dieser von der auf Bibliothekseinrichtungen spezialisierten Firma Lenk gestiftete Preis wurde &hellip; <a href=\"https:\/\/blogs.fu-berlin.de\/bibliotheken\/2011\/06\/10\/fami-gewinnt-lenk-preis-im-rahmen-des-100-bibliothekartages-in-berlin\/\" class=\"more-link\"><span class=\"screen-reader-text\">\u201eFaMI gewinnt Lenk-Preis im Rahmen des 100. Bibliothekartages in Berlin\u201c<\/span> weiterlesen<\/a><\/p>\n","protected":false},"author":265,"featured_media":0,"comment_status":"open","ping_status":"open","sticky":false,"template":"","format":"standard","meta":{"footnotes":""},"categories":[9,601],"tags":[510,2360],"class_list":["post-7972","post","type-post","status-publish","format-standard","hentry","category-allgemein","category-universitatsbibliothek","tag-deutscher-bibliothekartag","tag-lenk-forderpreis"],"_links":{"self":[{"href":"https:\/\/blogs.fu-berlin.de\/bibliotheken\/wp-json\/wp\/v2\/posts\/7972","targetHints":{"allow":["GET"]}}],"collection":[{"href":"https:\/\/blogs.fu-berlin.de\/bibliotheken\/wp-json\/wp\/v2\/posts"}],"about":[{"href":"https:\/\/blogs.fu-berlin.de\/bibliotheken\/wp-json\/wp\/v2\/types\/post"}],"author":[{"embeddable":true,"href":"https:\/\/blogs.fu-berlin.de\/bibliotheken\/wp-json\/wp\/v2\/users\/265"}],"replies":[{"embeddable":true,"href":"https:\/\/blogs.fu-berlin.de\/bibliotheken\/wp-json\/wp\/v2\/comments?post=7972"}],"version-history":[{"count":26,"href":"https:\/\/blogs.fu-berlin.de\/bibliotheken\/wp-json\/wp\/v2\/posts\/7972\/revisions"}],"predecessor-version":[{"id":7999,"href":"https:\/\/blogs.fu-berlin.de\/bibliotheken\/wp-json\/wp\/v2\/posts\/7972\/revisions\/7999"}],"wp:attachment":[{"href":"https:\/\/blogs.fu-berlin.de\/bibliotheken\/wp-json\/wp\/v2\/media?parent=7972"}],"wp:term":[{"taxonomy":"category","embeddable":true,"href":"https:\/\/blogs.fu-berlin.de\/bibliotheken\/wp-json\/wp\/v2\/categories?post=7972"},{"taxonomy":"post_tag","embeddable":true,"href":"https:\/\/blogs.fu-berlin.de\/bibliotheken\/wp-json\/wp\/v2\/tags?post=7972"}],"curies":[{"name":"wp","href":"https:\/\/api.w.org\/{rel}","templated":true}]}}